{"id":2196,"date":"2021-02-12T21:46:35","date_gmt":"2021-02-12T20:46:35","guid":{"rendered":"https:\/\/www.ecovis.com\/denmark\/dk\/?p=2196"},"modified":"2021-08-30T13:46:00","modified_gmt":"2021-08-30T11:46:00","slug":"loenkompensation","status":"publish","type":"post","link":"https:\/\/www.ecovis.com\/denmark\/dk\/loenkompensation\/","title":{"rendered":"L\u00f8nkompensation"},"content":{"rendered":"<p><em>Ans\u00f8gningsfristen er den 16. april 2021<\/em><\/p>\n<h3>Hvem kan s\u00f8ge?<\/h3>\n<p>Alle virksomheder i hele Danmark kan s\u00f8ge kompensation p\u00e5 denne ordning for perioden 9. december 2020 til 7. marts 2021, uanset om de er ber\u00f8rt af restriktioner eller ej, hvis de i \u00f8vrigt opfylder betingelserne for at opn\u00e5 kompensation.<\/p>\n<p>Hvis din virksomhed har haft forbud mod at holde \u00e5bent kan der s\u00f8ges for perioden 9. december 2020 \u2013 28. februar 2021 (fra 6. november for natklubber, diskoteker, spillesteder med st\u00e5ende publikum og messecentre). <\/p>\n<p>Du kan s\u00f8ge om kompensation, hvis:<\/p>\n<ul>\n<li>30 % eller mere end 50 af virksomhedens ansatte har v\u00e6ret hjemsendt (enten beregnet p\u00e5 CVR-nummer eller underliggende p-enhed)<\/li>\n<li>dine ansatte f\u00e5r fuld l\u00f8n under hjemsendelsen<\/li>\n<li>de hjemsendte ansatte ikke arbejder i perioden<\/li>\n<li>du ikke opsiger medarbejdere i hjemsendelsesperioden<\/li>\n<li>din virksomhed ikke har haft oms\u00e6tning i kompensationsperioden fra salg af varer og tjenesteydelser i virksomheden eller den p-enhed, du s\u00f8ger kompensation for <strong>(g\u00e6lder kun for virksomheder som har haft forbud mod at holde \u00e5bent)<\/strong><\/li>\n<\/ul>\n<h3>Hvor stor er kompensationen?<\/h3>\n<p>Du kan s\u00f8ge kompensation for 75 % af l\u00f8nnen for ansatte, der er funktion\u00e6rer. For ansatte, der ikke er funktion\u00e6rer, kan du s\u00f8ge kompensation for 90 % af l\u00f8nnen.  <\/p>\n<p>For b\u00e5de funktion\u00e6rer, ikke-funktion\u00e6rer og l\u00e6rlinge\/elever g\u00e6lder et loft p\u00e5 30.000 kr. om m\u00e5neden pr. fuldtidsansat. <\/p>\n<p>Ansatte beh\u00f8ver ikke at v\u00e6re fuldtidsansat for at f\u00e5 kompensation. Hvis din ansatte arbejder mindre end fuldtid (37 timer\/ugen), vil gr\u00e6nsen blive sat ned forholdsm\u00e6ssigt. Gr\u00e6nsen for en deltidsansat p\u00e5 20 timer vil s\u00e5ledes v\u00e6re ca. 16.000 kr.<\/p>\n<p>Virksomheder der s\u00f8ger p\u00e5 den generelle l\u00f8nkompensationsordning, modtager ikke kompensation for 3 dage feriedage i forbindelse med juleferien.<\/p>\n<h3>Hvad skal du bruge for at s\u00f8ge?<\/h3>\n<p>Dette skal du bruge:<\/p>\n<ul>\n<li>En opt\u00e6lling af ansatte, som du s\u00f8ger l\u00f8nkompensation for<\/li>\n<li>En liste, der indeholder CPR-nummer, fulde navn, m\u00e5nedsl\u00f8n, gennemsnitlige ugentlige timetal og ans\u00e6ttelsesforhold (funktion\u00e6r, ikke-funktion\u00e6r eller elev\/l\u00e6rling) for hver ansat<\/li>\n<li>Et overblik over den periode, der s\u00f8ges kompensation for<\/li>\n<li>Navn, telefonnummer og e-mail p\u00e5 virksomhedens kontaktperson<\/li>\n<li>Dokumentation for, at din virksomhed eller produktionsenhed (p-enhed) har eller har v\u00e6ret ber\u00f8rt af forbuddet mod at holde \u00e5bent <strong>(g\u00e6lder kun for virksomheder som har haft forbud mod at holde \u00e5bent)<\/strong><\/li>\n<\/ul>\n<p>S\u00f8ger du kompensation for flere end 25 ansatte, skal du uploade et CSV-format med f\u00f8lgende oplysninger p\u00e5 hver ansat, der s\u00f8ges for:<\/p>\n<ul>\n<li>CPR-nummer<\/li>\n<li>Fulde navn<\/li>\n<li>Ans\u00e6ttelsesforhold (funktion\u00e6r, ikke-funktion\u00e6r eller elev\/l\u00e6rling)<\/li>\n<li>M\u00e5nedsl\u00f8n i kr.<\/li>\n<li>Det gennemsnitlige ugentlige timetal (besk\u00e6ftigelsesgrad)<\/li>\n<li>Antal dage undtaget<\/li>\n<li>Produktionsenheder<\/li>\n<\/ul>\n","protected":false},"excerpt":{"rendered":"<p>Ans\u00f8gningsfristen er den 16. april 2021 Hvem kan s\u00f8ge? Alle virksomheder i hele Danmark kan s\u00f8ge kompensation p\u00e5 denne ordning for perioden 9. december 2020 til 7. marts 2021, uanset om de er ber\u00f8rt af restriktioner eller ej, hvis de i \u00f8vrigt opfylder betingelserne for at opn\u00e5 kompensation. Hvis din virksomhed har haft forbud mod [&hellip;]<\/p>\n","protected":false},"author":6,"featured_media":0,"comment_status":"closed","ping_status":"open","sticky":false,"template":"","format":"standard","meta":{"_acf_changed":false,"footnotes":""},"categories":[1],"tags":[],"class_list":["post-2196","post","type-post","status-publish","format-standard","hentry","category-allgemein"],"acf":[],"yoast_head":"<!-- This site is optimized with the Yoast SEO plugin v27.4 - https:\/\/yoast.com\/product\/yoast-seo-wordpress\/ -->\n<title>L\u00f8nkompensation - Ecovis i Danmark<\/title>\n<meta name=\"robots\" content=\"index, follow, max-snippet:-1, max-image-preview:large, max-video-preview:-1\" \/>\n<link rel=\"canonical\" href=\"https:\/\/www.ecovis.com\/denmark\/dk\/loenkompensation\/\" \/>\n<meta property=\"og:locale\" content=\"da_DK\" \/>\n<meta property=\"og:type\" content=\"article\" \/>\n<meta property=\"og:title\" content=\"L\u00f8nkompensation - Ecovis i Danmark\" \/>\n<meta property=\"og:description\" content=\"Ans\u00f8gningsfristen er den 16. april 2021 Hvem kan s\u00f8ge? Alle virksomheder i hele Danmark kan s\u00f8ge kompensation p\u00e5 denne ordning for perioden 9. december 2020 til 7. marts 2021, uanset om de er ber\u00f8rt af restriktioner eller ej, hvis de i \u00f8vrigt opfylder betingelserne for at opn\u00e5 kompensation. Hvis din virksomhed har haft forbud mod [&hellip;]\" \/>\n<meta property=\"og:url\" content=\"https:\/\/www.ecovis.com\/denmark\/dk\/loenkompensation\/\" \/>\n<meta property=\"og:site_name\" content=\"Ecovis i Danmark\" \/>\n<meta property=\"article:published_time\" content=\"2021-02-12T20:46:35+00:00\" \/>\n<meta property=\"article:modified_time\" content=\"2021-08-30T11:46:00+00:00\" \/>\n<meta name=\"author\" content=\"denmarkfelix\" \/>\n<meta name=\"twitter:card\" content=\"summary_large_image\" \/>\n<meta name=\"twitter:label1\" content=\"Skrevet af\" \/>\n\t<meta name=\"twitter:data1\" content=\"denmarkfelix\" \/>\n\t<meta name=\"twitter:label2\" content=\"Estimeret l\u00e6setid\" \/>\n\t<meta name=\"twitter:data2\" content=\"2 minutter\" \/>\n<script type=\"application\/ld+json\" class=\"yoast-schema-graph\">{\"@context\":\"https:\\\/\\\/schema.org\",\"@graph\":[{\"@type\":\"Article\",\"@id\":\"https:\\\/\\\/www.ecovis.com\\\/denmark\\\/dk\\\/loenkompensation\\\/#article\",\"isPartOf\":{\"@id\":\"https:\\\/\\\/www.ecovis.com\\\/denmark\\\/dk\\\/loenkompensation\\\/\"},\"author\":{\"name\":\"denmarkfelix\",\"@id\":\"https:\\\/\\\/www.ecovis.com\\\/denmark\\\/dk\\\/#\\\/schema\\\/person\\\/9268a22000f7251631fc05e35f3965a9\"},\"headline\":\"L\u00f8nkompensation\",\"datePublished\":\"2021-02-12T20:46:35+00:00\",\"dateModified\":\"2021-08-30T11:46:00+00:00\",\"mainEntityOfPage\":{\"@id\":\"https:\\\/\\\/www.ecovis.com\\\/denmark\\\/dk\\\/loenkompensation\\\/\"},\"wordCount\":435,\"articleSection\":[\"Allgemein\"],\"inLanguage\":\"da-DK\"},{\"@type\":\"WebPage\",\"@id\":\"https:\\\/\\\/www.ecovis.com\\\/denmark\\\/dk\\\/loenkompensation\\\/\",\"url\":\"https:\\\/\\\/www.ecovis.com\\\/denmark\\\/dk\\\/loenkompensation\\\/\",\"name\":\"L\u00f8nkompensation - Ecovis i Danmark\",\"isPartOf\":{\"@id\":\"https:\\\/\\\/www.ecovis.com\\\/denmark\\\/dk\\\/#website\"},\"datePublished\":\"2021-02-12T20:46:35+00:00\",\"dateModified\":\"2021-08-30T11:46:00+00:00\",\"author\":{\"@id\":\"https:\\\/\\\/www.ecovis.com\\\/denmark\\\/dk\\\/#\\\/schema\\\/person\\\/9268a22000f7251631fc05e35f3965a9\"},\"breadcrumb\":{\"@id\":\"https:\\\/\\\/www.ecovis.com\\\/denmark\\\/dk\\\/loenkompensation\\\/#breadcrumb\"},\"inLanguage\":\"da-DK\",\"potentialAction\":[{\"@type\":\"ReadAction\",\"target\":[\"https:\\\/\\\/www.ecovis.com\\\/denmark\\\/dk\\\/loenkompensation\\\/\"]}]},{\"@type\":\"BreadcrumbList\",\"@id\":\"https:\\\/\\\/www.ecovis.com\\\/denmark\\\/dk\\\/loenkompensation\\\/#breadcrumb\",\"itemListElement\":[{\"@type\":\"ListItem\",\"position\":1,\"name\":\"Ecovis Global\",\"item\":\"https:\\\/\\\/www.ecovis.com\\\/\"},{\"@type\":\"ListItem\",\"position\":2,\"name\":\"Forside\",\"item\":\"https:\\\/\\\/www.ecovis.com\\\/denmark\\\/dk\\\/\"},{\"@type\":\"ListItem\",\"position\":3,\"name\":\"L\u00f8nkompensation\"}]},{\"@type\":\"WebSite\",\"@id\":\"https:\\\/\\\/www.ecovis.com\\\/denmark\\\/dk\\\/#website\",\"url\":\"https:\\\/\\\/www.ecovis.com\\\/denmark\\\/dk\\\/\",\"name\":\"Ecovis.com\",\"description\":\"\",\"potentialAction\":[{\"@type\":\"SearchAction\",\"target\":{\"@type\":\"EntryPoint\",\"urlTemplate\":\"https:\\\/\\\/www.ecovis.com\\\/denmark\\\/dk\\\/?s={search_term_string}\"},\"query-input\":{\"@type\":\"PropertyValueSpecification\",\"valueRequired\":true,\"valueName\":\"search_term_string\"}}],\"inLanguage\":\"da-DK\"},{\"@type\":\"Person\",\"@id\":\"https:\\\/\\\/www.ecovis.com\\\/denmark\\\/dk\\\/#\\\/schema\\\/person\\\/9268a22000f7251631fc05e35f3965a9\",\"name\":\"denmarkfelix\",\"image\":{\"@type\":\"ImageObject\",\"inLanguage\":\"da-DK\",\"@id\":\"https:\\\/\\\/secure.gravatar.com\\\/avatar\\\/5ce6f6b5a5b921e07e167daf0db9195b026559db86a8606174d985cbbcb9abb7?s=96&d=mm&r=g\",\"url\":\"https:\\\/\\\/secure.gravatar.com\\\/avatar\\\/5ce6f6b5a5b921e07e167daf0db9195b026559db86a8606174d985cbbcb9abb7?s=96&d=mm&r=g\",\"contentUrl\":\"https:\\\/\\\/secure.gravatar.com\\\/avatar\\\/5ce6f6b5a5b921e07e167daf0db9195b026559db86a8606174d985cbbcb9abb7?s=96&d=mm&r=g\",\"caption\":\"denmarkfelix\"},\"url\":\"https:\\\/\\\/www.ecovis.com\\\/denmark\\\/dk\\\/author\\\/denmarkfelix\\\/\"}]}<\/script>\n<!-- \/ Yoast SEO plugin. -->","yoast_head_json":{"title":"L\u00f8nkompensation - Ecovis i Danmark","robots":{"index":"index","follow":"follow","max-snippet":"max-snippet:-1","max-image-preview":"max-image-preview:large","max-video-preview":"max-video-preview:-1"},"canonical":"https:\/\/www.ecovis.com\/denmark\/dk\/loenkompensation\/","og_locale":"da_DK","og_type":"article","og_title":"L\u00f8nkompensation - Ecovis i Danmark","og_description":"Ans\u00f8gningsfristen er den 16. april 2021 Hvem kan s\u00f8ge? Alle virksomheder i hele Danmark kan s\u00f8ge kompensation p\u00e5 denne ordning for perioden 9. december 2020 til 7. marts 2021, uanset om de er ber\u00f8rt af restriktioner eller ej, hvis de i \u00f8vrigt opfylder betingelserne for at opn\u00e5 kompensation. Hvis din virksomhed har haft forbud mod [&hellip;]","og_url":"https:\/\/www.ecovis.com\/denmark\/dk\/loenkompensation\/","og_site_name":"Ecovis i Danmark","article_published_time":"2021-02-12T20:46:35+00:00","article_modified_time":"2021-08-30T11:46:00+00:00","author":"denmarkfelix","twitter_card":"summary_large_image","twitter_misc":{"Skrevet af":"denmarkfelix","Estimeret l\u00e6setid":"2 minutter"},"schema":{"@context":"https:\/\/schema.org","@graph":[{"@type":"Article","@id":"https:\/\/www.ecovis.com\/denmark\/dk\/loenkompensation\/#article","isPartOf":{"@id":"https:\/\/www.ecovis.com\/denmark\/dk\/loenkompensation\/"},"author":{"name":"denmarkfelix","@id":"https:\/\/www.ecovis.com\/denmark\/dk\/#\/schema\/person\/9268a22000f7251631fc05e35f3965a9"},"headline":"L\u00f8nkompensation","datePublished":"2021-02-12T20:46:35+00:00","dateModified":"2021-08-30T11:46:00+00:00","mainEntityOfPage":{"@id":"https:\/\/www.ecovis.com\/denmark\/dk\/loenkompensation\/"},"wordCount":435,"articleSection":["Allgemein"],"inLanguage":"da-DK"},{"@type":"WebPage","@id":"https:\/\/www.ecovis.com\/denmark\/dk\/loenkompensation\/","url":"https:\/\/www.ecovis.com\/denmark\/dk\/loenkompensation\/","name":"L\u00f8nkompensation - Ecovis i Danmark","isPartOf":{"@id":"https:\/\/www.ecovis.com\/denmark\/dk\/#website"},"datePublished":"2021-02-12T20:46:35+00:00","dateModified":"2021-08-30T11:46:00+00:00","author":{"@id":"https:\/\/www.ecovis.com\/denmark\/dk\/#\/schema\/person\/9268a22000f7251631fc05e35f3965a9"},"breadcrumb":{"@id":"https:\/\/www.ecovis.com\/denmark\/dk\/loenkompensation\/#breadcrumb"},"inLanguage":"da-DK","potentialAction":[{"@type":"ReadAction","target":["https:\/\/www.ecovis.com\/denmark\/dk\/loenkompensation\/"]}]},{"@type":"BreadcrumbList","@id":"https:\/\/www.ecovis.com\/denmark\/dk\/loenkompensation\/#breadcrumb","itemListElement":[{"@type":"ListItem","position":1,"name":"Ecovis Global","item":"https:\/\/www.ecovis.com\/"},{"@type":"ListItem","position":2,"name":"Forside","item":"https:\/\/www.ecovis.com\/denmark\/dk\/"},{"@type":"ListItem","position":3,"name":"L\u00f8nkompensation"}]},{"@type":"WebSite","@id":"https:\/\/www.ecovis.com\/denmark\/dk\/#website","url":"https:\/\/www.ecovis.com\/denmark\/dk\/","name":"Ecovis.com","description":"","potentialAction":[{"@type":"SearchAction","target":{"@type":"EntryPoint","urlTemplate":"https:\/\/www.ecovis.com\/denmark\/dk\/?s={search_term_string}"},"query-input":{"@type":"PropertyValueSpecification","valueRequired":true,"valueName":"search_term_string"}}],"inLanguage":"da-DK"},{"@type":"Person","@id":"https:\/\/www.ecovis.com\/denmark\/dk\/#\/schema\/person\/9268a22000f7251631fc05e35f3965a9","name":"denmarkfelix","image":{"@type":"ImageObject","inLanguage":"da-DK","@id":"https:\/\/secure.gravatar.com\/avatar\/5ce6f6b5a5b921e07e167daf0db9195b026559db86a8606174d985cbbcb9abb7?s=96&d=mm&r=g","url":"https:\/\/secure.gravatar.com\/avatar\/5ce6f6b5a5b921e07e167daf0db9195b026559db86a8606174d985cbbcb9abb7?s=96&d=mm&r=g","contentUrl":"https:\/\/secure.gravatar.com\/avatar\/5ce6f6b5a5b921e07e167daf0db9195b026559db86a8606174d985cbbcb9abb7?s=96&d=mm&r=g","caption":"denmarkfelix"},"url":"https:\/\/www.ecovis.com\/denmark\/dk\/author\/denmarkfelix\/"}]}},"featured_image_url":"","featured_image_url_large":"","_links":{"self":[{"href":"https:\/\/www.ecovis.com\/denmark\/dk\/wp-json\/wp\/v2\/posts\/2196","targetHints":{"allow":["GET"]}}],"collection":[{"href":"https:\/\/www.ecovis.com\/denmark\/dk\/wp-json\/wp\/v2\/posts"}],"about":[{"href":"https:\/\/www.ecovis.com\/denmark\/dk\/wp-json\/wp\/v2\/types\/post"}],"author":[{"embeddable":true,"href":"https:\/\/www.ecovis.com\/denmark\/dk\/wp-json\/wp\/v2\/users\/6"}],"replies":[{"embeddable":true,"href":"https:\/\/www.ecovis.com\/denmark\/dk\/wp-json\/wp\/v2\/comments?post=2196"}],"version-history":[{"count":1,"href":"https:\/\/www.ecovis.com\/denmark\/dk\/wp-json\/wp\/v2\/posts\/2196\/revisions"}],"predecessor-version":[{"id":2197,"href":"https:\/\/www.ecovis.com\/denmark\/dk\/wp-json\/wp\/v2\/posts\/2196\/revisions\/2197"}],"wp:attachment":[{"href":"https:\/\/www.ecovis.com\/denmark\/dk\/wp-json\/wp\/v2\/media?parent=2196"}],"wp:term":[{"taxonomy":"category","embeddable":true,"href":"https:\/\/www.ecovis.com\/denmark\/dk\/wp-json\/wp\/v2\/categories?post=2196"},{"taxonomy":"post_tag","embeddable":true,"href":"https:\/\/www.ecovis.com\/denmark\/dk\/wp-json\/wp\/v2\/tags?post=2196"}],"curies":[{"name":"wp","href":"https:\/\/api.w.org\/{rel}","templated":true}]}}