{"id":2194,"date":"2021-02-12T21:26:48","date_gmt":"2021-02-12T20:26:48","guid":{"rendered":"https:\/\/www.ecovis.com\/denmark\/dk\/?p=2194"},"modified":"2021-08-30T13:45:59","modified_gmt":"2021-08-30T11:45:59","slug":"selvstaendige","status":"publish","type":"post","link":"https:\/\/www.ecovis.com\/denmark\/dk\/selvstaendige\/","title":{"rendered":"Selvst\u00e6ndige"},"content":{"rendered":"<p><em>Ans\u00f8gningsfrist 15. april 2020<\/em><\/p>\n<h3>Hvem kan s\u00f8ge?<\/h3>\n<p>Selvst\u00e6ndige, der har oplevet et oms\u00e6tningstab p\u00e5 mindst 30 % som f\u00f8lge af coronavirus\/covid-19, kan s\u00f8ge om kompensation for \u00e9n eller flere definerede perioder imellem 1. september 2020 og 28. februar 2021.<\/p>\n<p>Denne kompensationsordning giver selvst\u00e6ndige, der forventer et oms\u00e6tningstab p\u00e5 mindst 30 %, mulighed for at s\u00f8ge om kompensation for op til 90 % af tabet. Har virksomheden haft forbud mod at holde \u00e5bent, og af den grund i en periode ikke haft nogen oms\u00e6tning, har du mulighed for at s\u00f8ge om kompensation for 100 % af tabet. <\/p>\n<p>For at f\u00e5 udbetalt kompensation skal du:<\/p>\n<ul>\n<li>have en oms\u00e6tningsnedgang p\u00e5 mindst 30 %<\/li>\n<li>have en gennemsnitlig oms\u00e6tning p\u00e5 mindst 8.000 kr. pr. m\u00e5ned f\u00f8r coronavirus\/covid-19<\/li>\n<li>h\u00f8jst have 25 ansatte opgjort i hele \u00e5rsv\u00e6rk<\/li>\n<li>eje mindst 25 % af virksomheden<\/li>\n<li>selv arbejde i virksomheden<\/li>\n<li>have en personlig indkomst p\u00e5 under 800.000 kr. i 2020.<\/li>\n<\/ul>\n<h3>Hvor stor er kompensationen?<\/h3>\n<p>Du kan maksimalt f\u00e5 udbetalt 33.000 kr. pr. m\u00e5ned for selvst\u00e6ndige med mindst \u00e9n ansat og 30.000 kr. pr. m\u00e5ned uden ansatte for hver ejer med en ejerandel p\u00e5 over 25 %. Hvis du har h\u00e6vet mere end 23.000 kr. ud af virksomheden i kompensationsperioden kan kompensationen max udg\u00f8re 23.000 kr. pr. m\u00e5ned. \u00c6ndring i kompensationsbel\u00f8b vedtaget 9. februar 2021 er endnu ikke implementeret i ans\u00f8gningerne, men forventes p\u00e5 plads snarest.<\/p>\n<h3>Hvad skal du bruge for at s\u00f8ge?<\/h3>\n<p>Dette skal du bruge:<\/p>\n<ul>\n<li>Dokumentation for virksomhedens realiserede oms\u00e6tning for referenceperioden i 2019<\/li>\n<li>Dokumentation for virksomhedens realiserede oms\u00e6tning for hele 2019<\/li>\n<li>Dokumentation for at din virksomhed er, eller har v\u00e6ret omfattet af \u00e9n eller flere af restriktioner<\/li>\n<li>Antal ansatte opgjort i hele \u00e5rsv\u00e6rk i virksomheden<\/li>\n<li>Navn og ejerandel p\u00e5 virksomhedsejere<\/li>\n<li>Dokumentation for fast arbejde i virksomheden, fx l\u00f8n, udbetaling af overskud fra virksomheden eller anden dokumentation.<\/li>\n<\/ul>\n","protected":false},"excerpt":{"rendered":"<p>Ans\u00f8gningsfrist 15. april 2020 Hvem kan s\u00f8ge? Selvst\u00e6ndige, der har oplevet et oms\u00e6tningstab p\u00e5 mindst 30 % som f\u00f8lge af coronavirus\/covid-19, kan s\u00f8ge om kompensation for \u00e9n eller flere definerede perioder imellem 1. september 2020 og 28. februar 2021. Denne kompensationsordning giver selvst\u00e6ndige, der forventer et oms\u00e6tningstab p\u00e5 mindst 30 %, mulighed for at s\u00f8ge [&hellip;]<\/p>\n","protected":false},"author":6,"featured_media":0,"comment_status":"closed","ping_status":"open","sticky":false,"template":"","format":"standard","meta":{"_acf_changed":false,"footnotes":""},"categories":[1],"tags":[],"class_list":["post-2194","post","type-post","status-publish","format-standard","hentry","category-allgemein"],"acf":[],"yoast_head":"<!-- This site is optimized with the Yoast SEO plugin v27.4 - https:\/\/yoast.com\/product\/yoast-seo-wordpress\/ -->\n<title>Selvst\u00e6ndige - Ecovis i Danmark<\/title>\n<meta name=\"robots\" content=\"index, follow, max-snippet:-1, max-image-preview:large, max-video-preview:-1\" \/>\n<link rel=\"canonical\" href=\"https:\/\/www.ecovis.com\/denmark\/dk\/selvstaendige\/\" \/>\n<meta property=\"og:locale\" content=\"da_DK\" \/>\n<meta property=\"og:type\" content=\"article\" \/>\n<meta property=\"og:title\" content=\"Selvst\u00e6ndige - Ecovis i Danmark\" \/>\n<meta property=\"og:description\" content=\"Ans\u00f8gningsfrist 15. april 2020 Hvem kan s\u00f8ge? Selvst\u00e6ndige, der har oplevet et oms\u00e6tningstab p\u00e5 mindst 30 % som f\u00f8lge af coronavirus\/covid-19, kan s\u00f8ge om kompensation for \u00e9n eller flere definerede perioder imellem 1. september 2020 og 28. februar 2021. Denne kompensationsordning giver selvst\u00e6ndige, der forventer et oms\u00e6tningstab p\u00e5 mindst 30 %, mulighed for at s\u00f8ge [&hellip;]\" \/>\n<meta property=\"og:url\" content=\"https:\/\/www.ecovis.com\/denmark\/dk\/selvstaendige\/\" \/>\n<meta property=\"og:site_name\" content=\"Ecovis i Danmark\" \/>\n<meta property=\"article:published_time\" content=\"2021-02-12T20:26:48+00:00\" \/>\n<meta property=\"article:modified_time\" content=\"2021-08-30T11:45:59+00:00\" \/>\n<meta name=\"author\" content=\"denmarkfelix\" \/>\n<meta name=\"twitter:card\" content=\"summary_large_image\" \/>\n<meta name=\"twitter:label1\" content=\"Skrevet af\" \/>\n\t<meta name=\"twitter:data1\" content=\"denmarkfelix\" \/>\n\t<meta name=\"twitter:label2\" content=\"Estimeret l\u00e6setid\" \/>\n\t<meta name=\"twitter:data2\" content=\"1 minut\" \/>\n<script type=\"application\/ld+json\" class=\"yoast-schema-graph\">{\"@context\":\"https:\\\/\\\/schema.org\",\"@graph\":[{\"@type\":\"Article\",\"@id\":\"https:\\\/\\\/www.ecovis.com\\\/denmark\\\/dk\\\/selvstaendige\\\/#article\",\"isPartOf\":{\"@id\":\"https:\\\/\\\/www.ecovis.com\\\/denmark\\\/dk\\\/selvstaendige\\\/\"},\"author\":{\"name\":\"denmarkfelix\",\"@id\":\"https:\\\/\\\/www.ecovis.com\\\/denmark\\\/dk\\\/#\\\/schema\\\/person\\\/9268a22000f7251631fc05e35f3965a9\"},\"headline\":\"Selvst\u00e6ndige\",\"datePublished\":\"2021-02-12T20:26:48+00:00\",\"dateModified\":\"2021-08-30T11:45:59+00:00\",\"mainEntityOfPage\":{\"@id\":\"https:\\\/\\\/www.ecovis.com\\\/denmark\\\/dk\\\/selvstaendige\\\/\"},\"wordCount\":301,\"articleSection\":[\"Allgemein\"],\"inLanguage\":\"da-DK\"},{\"@type\":\"WebPage\",\"@id\":\"https:\\\/\\\/www.ecovis.com\\\/denmark\\\/dk\\\/selvstaendige\\\/\",\"url\":\"https:\\\/\\\/www.ecovis.com\\\/denmark\\\/dk\\\/selvstaendige\\\/\",\"name\":\"Selvst\u00e6ndige - Ecovis i Danmark\",\"isPartOf\":{\"@id\":\"https:\\\/\\\/www.ecovis.com\\\/denmark\\\/dk\\\/#website\"},\"datePublished\":\"2021-02-12T20:26:48+00:00\",\"dateModified\":\"2021-08-30T11:45:59+00:00\",\"author\":{\"@id\":\"https:\\\/\\\/www.ecovis.com\\\/denmark\\\/dk\\\/#\\\/schema\\\/person\\\/9268a22000f7251631fc05e35f3965a9\"},\"breadcrumb\":{\"@id\":\"https:\\\/\\\/www.ecovis.com\\\/denmark\\\/dk\\\/selvstaendige\\\/#breadcrumb\"},\"inLanguage\":\"da-DK\",\"potentialAction\":[{\"@type\":\"ReadAction\",\"target\":[\"https:\\\/\\\/www.ecovis.com\\\/denmark\\\/dk\\\/selvstaendige\\\/\"]}]},{\"@type\":\"BreadcrumbList\",\"@id\":\"https:\\\/\\\/www.ecovis.com\\\/denmark\\\/dk\\\/selvstaendige\\\/#breadcrumb\",\"itemListElement\":[{\"@type\":\"ListItem\",\"position\":1,\"name\":\"Ecovis Global\",\"item\":\"https:\\\/\\\/www.ecovis.com\\\/\"},{\"@type\":\"ListItem\",\"position\":2,\"name\":\"Forside\",\"item\":\"https:\\\/\\\/www.ecovis.com\\\/denmark\\\/dk\\\/\"},{\"@type\":\"ListItem\",\"position\":3,\"name\":\"Selvst\u00e6ndige\"}]},{\"@type\":\"WebSite\",\"@id\":\"https:\\\/\\\/www.ecovis.com\\\/denmark\\\/dk\\\/#website\",\"url\":\"https:\\\/\\\/www.ecovis.com\\\/denmark\\\/dk\\\/\",\"name\":\"Ecovis.com\",\"description\":\"\",\"potentialAction\":[{\"@type\":\"SearchAction\",\"target\":{\"@type\":\"EntryPoint\",\"urlTemplate\":\"https:\\\/\\\/www.ecovis.com\\\/denmark\\\/dk\\\/?s={search_term_string}\"},\"query-input\":{\"@type\":\"PropertyValueSpecification\",\"valueRequired\":true,\"valueName\":\"search_term_string\"}}],\"inLanguage\":\"da-DK\"},{\"@type\":\"Person\",\"@id\":\"https:\\\/\\\/www.ecovis.com\\\/denmark\\\/dk\\\/#\\\/schema\\\/person\\\/9268a22000f7251631fc05e35f3965a9\",\"name\":\"denmarkfelix\",\"image\":{\"@type\":\"ImageObject\",\"inLanguage\":\"da-DK\",\"@id\":\"https:\\\/\\\/secure.gravatar.com\\\/avatar\\\/5ce6f6b5a5b921e07e167daf0db9195b026559db86a8606174d985cbbcb9abb7?s=96&d=mm&r=g\",\"url\":\"https:\\\/\\\/secure.gravatar.com\\\/avatar\\\/5ce6f6b5a5b921e07e167daf0db9195b026559db86a8606174d985cbbcb9abb7?s=96&d=mm&r=g\",\"contentUrl\":\"https:\\\/\\\/secure.gravatar.com\\\/avatar\\\/5ce6f6b5a5b921e07e167daf0db9195b026559db86a8606174d985cbbcb9abb7?s=96&d=mm&r=g\",\"caption\":\"denmarkfelix\"},\"url\":\"https:\\\/\\\/www.ecovis.com\\\/denmark\\\/dk\\\/author\\\/denmarkfelix\\\/\"}]}<\/script>\n<!-- \/ Yoast SEO plugin. -->","yoast_head_json":{"title":"Selvst\u00e6ndige - Ecovis i Danmark","robots":{"index":"index","follow":"follow","max-snippet":"max-snippet:-1","max-image-preview":"max-image-preview:large","max-video-preview":"max-video-preview:-1"},"canonical":"https:\/\/www.ecovis.com\/denmark\/dk\/selvstaendige\/","og_locale":"da_DK","og_type":"article","og_title":"Selvst\u00e6ndige - Ecovis i Danmark","og_description":"Ans\u00f8gningsfrist 15. april 2020 Hvem kan s\u00f8ge? Selvst\u00e6ndige, der har oplevet et oms\u00e6tningstab p\u00e5 mindst 30 % som f\u00f8lge af coronavirus\/covid-19, kan s\u00f8ge om kompensation for \u00e9n eller flere definerede perioder imellem 1. september 2020 og 28. februar 2021. Denne kompensationsordning giver selvst\u00e6ndige, der forventer et oms\u00e6tningstab p\u00e5 mindst 30 %, mulighed for at s\u00f8ge [&hellip;]","og_url":"https:\/\/www.ecovis.com\/denmark\/dk\/selvstaendige\/","og_site_name":"Ecovis i Danmark","article_published_time":"2021-02-12T20:26:48+00:00","article_modified_time":"2021-08-30T11:45:59+00:00","author":"denmarkfelix","twitter_card":"summary_large_image","twitter_misc":{"Skrevet af":"denmarkfelix","Estimeret l\u00e6setid":"1 minut"},"schema":{"@context":"https:\/\/schema.org","@graph":[{"@type":"Article","@id":"https:\/\/www.ecovis.com\/denmark\/dk\/selvstaendige\/#article","isPartOf":{"@id":"https:\/\/www.ecovis.com\/denmark\/dk\/selvstaendige\/"},"author":{"name":"denmarkfelix","@id":"https:\/\/www.ecovis.com\/denmark\/dk\/#\/schema\/person\/9268a22000f7251631fc05e35f3965a9"},"headline":"Selvst\u00e6ndige","datePublished":"2021-02-12T20:26:48+00:00","dateModified":"2021-08-30T11:45:59+00:00","mainEntityOfPage":{"@id":"https:\/\/www.ecovis.com\/denmark\/dk\/selvstaendige\/"},"wordCount":301,"articleSection":["Allgemein"],"inLanguage":"da-DK"},{"@type":"WebPage","@id":"https:\/\/www.ecovis.com\/denmark\/dk\/selvstaendige\/","url":"https:\/\/www.ecovis.com\/denmark\/dk\/selvstaendige\/","name":"Selvst\u00e6ndige - Ecovis i Danmark","isPartOf":{"@id":"https:\/\/www.ecovis.com\/denmark\/dk\/#website"},"datePublished":"2021-02-12T20:26:48+00:00","dateModified":"2021-08-30T11:45:59+00:00","author":{"@id":"https:\/\/www.ecovis.com\/denmark\/dk\/#\/schema\/person\/9268a22000f7251631fc05e35f3965a9"},"breadcrumb":{"@id":"https:\/\/www.ecovis.com\/denmark\/dk\/selvstaendige\/#breadcrumb"},"inLanguage":"da-DK","potentialAction":[{"@type":"ReadAction","target":["https:\/\/www.ecovis.com\/denmark\/dk\/selvstaendige\/"]}]},{"@type":"BreadcrumbList","@id":"https:\/\/www.ecovis.com\/denmark\/dk\/selvstaendige\/#breadcrumb","itemListElement":[{"@type":"ListItem","position":1,"name":"Ecovis Global","item":"https:\/\/www.ecovis.com\/"},{"@type":"ListItem","position":2,"name":"Forside","item":"https:\/\/www.ecovis.com\/denmark\/dk\/"},{"@type":"ListItem","position":3,"name":"Selvst\u00e6ndige"}]},{"@type":"WebSite","@id":"https:\/\/www.ecovis.com\/denmark\/dk\/#website","url":"https:\/\/www.ecovis.com\/denmark\/dk\/","name":"Ecovis.com","description":"","potentialAction":[{"@type":"SearchAction","target":{"@type":"EntryPoint","urlTemplate":"https:\/\/www.ecovis.com\/denmark\/dk\/?s={search_term_string}"},"query-input":{"@type":"PropertyValueSpecification","valueRequired":true,"valueName":"search_term_string"}}],"inLanguage":"da-DK"},{"@type":"Person","@id":"https:\/\/www.ecovis.com\/denmark\/dk\/#\/schema\/person\/9268a22000f7251631fc05e35f3965a9","name":"denmarkfelix","image":{"@type":"ImageObject","inLanguage":"da-DK","@id":"https:\/\/secure.gravatar.com\/avatar\/5ce6f6b5a5b921e07e167daf0db9195b026559db86a8606174d985cbbcb9abb7?s=96&d=mm&r=g","url":"https:\/\/secure.gravatar.com\/avatar\/5ce6f6b5a5b921e07e167daf0db9195b026559db86a8606174d985cbbcb9abb7?s=96&d=mm&r=g","contentUrl":"https:\/\/secure.gravatar.com\/avatar\/5ce6f6b5a5b921e07e167daf0db9195b026559db86a8606174d985cbbcb9abb7?s=96&d=mm&r=g","caption":"denmarkfelix"},"url":"https:\/\/www.ecovis.com\/denmark\/dk\/author\/denmarkfelix\/"}]}},"featured_image_url":"","featured_image_url_large":"","_links":{"self":[{"href":"https:\/\/www.ecovis.com\/denmark\/dk\/wp-json\/wp\/v2\/posts\/2194","targetHints":{"allow":["GET"]}}],"collection":[{"href":"https:\/\/www.ecovis.com\/denmark\/dk\/wp-json\/wp\/v2\/posts"}],"about":[{"href":"https:\/\/www.ecovis.com\/denmark\/dk\/wp-json\/wp\/v2\/types\/post"}],"author":[{"embeddable":true,"href":"https:\/\/www.ecovis.com\/denmark\/dk\/wp-json\/wp\/v2\/users\/6"}],"replies":[{"embeddable":true,"href":"https:\/\/www.ecovis.com\/denmark\/dk\/wp-json\/wp\/v2\/comments?post=2194"}],"version-history":[{"count":3,"href":"https:\/\/www.ecovis.com\/denmark\/dk\/wp-json\/wp\/v2\/posts\/2194\/revisions"}],"predecessor-version":[{"id":2202,"href":"https:\/\/www.ecovis.com\/denmark\/dk\/wp-json\/wp\/v2\/posts\/2194\/revisions\/2202"}],"wp:attachment":[{"href":"https:\/\/www.ecovis.com\/denmark\/dk\/wp-json\/wp\/v2\/media?parent=2194"}],"wp:term":[{"taxonomy":"category","embeddable":true,"href":"https:\/\/www.ecovis.com\/denmark\/dk\/wp-json\/wp\/v2\/categories?post=2194"},{"taxonomy":"post_tag","embeddable":true,"href":"https:\/\/www.ecovis.com\/denmark\/dk\/wp-json\/wp\/v2\/tags?post=2194"}],"curies":[{"name":"wp","href":"https:\/\/api.w.org\/{rel}","templated":true}]}}