{"id":2177,"date":"2021-02-12T20:14:37","date_gmt":"2021-02-12T19:14:37","guid":{"rendered":"https:\/\/www.ecovis.com\/denmark\/dk\/?p=2177"},"modified":"2021-08-30T09:26:41","modified_gmt":"2021-08-30T07:26:41","slug":"aendring-af-reglerne-for-beskatning-af-fri-bil","status":"publish","type":"post","link":"https:\/\/www.ecovis.com\/denmark\/dk\/aendring-af-reglerne-for-beskatning-af-fri-bil\/","title":{"rendered":"\u00c6ndring af reglerne for beskatning af fri bil"},"content":{"rendered":"<p>Folketinget har den 9. februar 2021 vedtaget et lovforslag, som \u00e6ndrer reglerne for beskatning af fri bil igen. Vedtagelsen af lovforslaget f\u00e5r betydning for beregning af beskatningsgrundlaget for medarbejdere der f\u00e5r stillet fri bil til r\u00e5dighed. \u00c6ndringerne f\u00e5r virkning pr. 1. juli 2021 og frem til 2025.<\/p>\n<p>I dag opg\u00f8res beskatningsgrundlaget for fri bil som 25 % af bilens v\u00e6rdi op til kr. 300.000 og 20 % af v\u00e6rdien som overstiger kr. 300.000. Til denne v\u00e6rdi till\u00e6gges et milj\u00f8till\u00e6g.<\/p>\n<h3>\u00c6ndring i procentsatser<\/h3>\n<p>Satsen p\u00e5 25 % neds\u00e6ttes \u00e5rligt med 0,5 %-point frem til 2025 og satsen p\u00e5 20 % for\u00f8ges samtidig \u00e5rligt med 0,5 %-point frem til 2025. <\/p>\n<p>I 2025 vil der s\u00e5ledes alene v\u00e6re \u00e9n procentsats p\u00e5 22,5 % som skal anvendes ved opg\u00f8relse af beskatningsgrundlaget.<\/p>\n<h3>\u00c6ndring i milj\u00f8till\u00e6g<\/h3>\n<p>Procentsatsen for beregning af milj\u00f8till\u00e6gget udg\u00f8r i dag 150 % af ejerafgiften. Udg\u00f8r ejerafgiften kr. 1.000 skal der alts\u00e5 till\u00e6gges et milj\u00f8till\u00e6g p\u00e5 kr. 1.500 til beskatningsgrundlaget.<\/p>\n<p>Denne sats forh\u00f8jes \u00e5r for \u00e5r for alle firmabiler indtil 2025.<\/p>\n<p>Pr. 1. juli 2021 forh\u00f8jes milj\u00f8till\u00e6gget til 250 %,<br \/>\nfor 2022 til 350 %,<br \/>\nfor 2023 til 450 %,<br \/>\nfor 2024 til 600 % og<br \/>\nfor 2025 og fremover vil satsen udg\u00f8re 700 %.<\/p>\n<p>For en Mercedes C-klasse 300 d, som var en af de mest popul\u00e6re modeller i 2020 inden for erhvervsleasing, udg\u00f8r ejerafgiften f.eks. \u00e5rligt kr. 3.020. Milj\u00f8till\u00e6gget der indg\u00e5r i beskatningsgrundlaget udg\u00f8r frem til 1. juli 2021 kr. 4.530. I 2025 vil milj\u00f8till\u00e6gget udg\u00f8re kr. 21.140. Alts\u00e5 en stigning p\u00e5 kr. 16.610. Herudover kommer der ogs\u00e5 en l\u00f8bende forh\u00f8jelse af selve ejerafgiften.<\/p>\n<p>Bem\u00e6rk at udligningsafgiften for dieselbiler og privatbenyttelsesafgift ikke skal medregnes som en del af milj\u00f8till\u00e6gget.<br \/>\n\u2003<\/p>\n<h3>Beregningseksempel<\/h3>\n<p>\u00c6ndringerne kan illustreres med nedenst\u00e5ende beregningseksempel. Der tages udgangspunkt i en bil til en v\u00e6rdi p\u00e5 kr. 450.000 og en ejerafgift p\u00e5 kr. 2.500.<\/p>\n<table class=\"ecovistable\">\n<tr>\n<td><\/td>\n<td>Frem til 1. juli 2021<\/td>\n<td>2023<\/td>\n<\/tr>\n<tr>\n<td>25 % af v\u00e6rdien op til kr. 300.000<\/td>\n<td>Kr. 75.000<\/td>\n<td>Kr. 70.500<\/td>\n<\/tr>\n<tr>\n<td>20 % af v\u00e6rdien over kr. 300.000<\/td>\n<td>Kr. 30.000<\/td>\n<td>Kr. 32.250<\/td>\n<\/tr>\n<tr>\n<td>150 % af ejerafgiften<\/td>\n<td>Kr. 3.750<\/td>\n<td>Kr. 16.875<\/td>\n<\/tr>\n<tr>\n<td><strong>Beskatningsv\u00e6rdi i alt<\/strong><\/td>\n<td><strong>Kr. 108.750<\/strong><\/td>\n<td><strong>Kr. 119.625<\/strong><\/td>\n<\/tr>\n<tr>\n<td><strong>Beskatningsv\u00e6rdi pr. m\u00e5ned<\/strong><\/td>\n<td><strong>Kr. 9.062,50<\/strong><\/td>\n<td><strong>Kr. 9.968,75<\/strong><\/td>\n<\/tr>\n<\/table>\n<p>Forskellen i beskatningsv\u00e6rdien pr. \u00e5r udg\u00f8r kr. 10.875, hvilket betyder en ekstra skattebetaling p\u00e5 ca. kr. 6.150 hvis man betaler topskat.<\/p>\n<h3>Oversigt over \u00e6ndringer frem mod 2025<\/h3>\n<table class=\"ecovistable\">\n<tr>\n<td><\/td>\n<td>Frem til 1. juli 2021<\/td>\n<td>Efter 1. juli 2021<\/td>\n<td>2022<\/td>\n<td>2023<\/td>\n<td>2024<\/td>\n<td>2025<\/td>\n<\/tr>\n<tr>\n<td><strong>Procent af bilens v\u00e6rdi op til kr. 300.000<\/strong><\/td>\n<td>25%<\/td>\n<td>24,5%<\/td>\n<td>24%<\/td>\n<td>23,5%<\/td>\n<td>23%<\/td>\n<td>22,5%<\/td>\n<\/tr>\n<tr>\n<td><strong>Procent af bilens v\u00e6rdi over kr. 300.000<\/strong><\/td>\n<td>20%<\/td>\n<td>20,5%<\/td>\n<td>21%<\/td>\n<td>21,5%<\/td>\n<td>22%<\/td>\n<td>22,5%<\/td>\n<\/tr>\n<tr>\n<td><strong>Procent for milj\u00f8till\u00e6g<\/strong><\/td>\n<td>150%<\/td>\n<td>250%<\/td>\n<td>350%<\/td>\n<td>450%<\/td>\n<td>600%<\/td>\n<td>700%<\/td>\n<\/tr>\n<\/table>\n","protected":false},"excerpt":{"rendered":"<p>Folketinget har den 9. februar 2021 vedtaget et lovforslag, som \u00e6ndrer reglerne for beskatning af fri bil igen. Vedtagelsen af lovforslaget f\u00e5r betydning for beregning af beskatningsgrundlaget for medarbejdere der f\u00e5r stillet fri bil til r\u00e5dighed. \u00c6ndringerne f\u00e5r virkning pr. 1. juli 2021 og frem til 2025. I dag opg\u00f8res beskatningsgrundlaget for fri bil som [&hellip;]<\/p>\n","protected":false},"author":6,"featured_media":0,"comment_status":"closed","ping_status":"open","sticky":false,"template":"","format":"standard","meta":{"_acf_changed":false,"footnotes":""},"categories":[17],"tags":[],"class_list":["post-2177","post","type-post","status-publish","format-standard","hentry","category-nyheder"],"acf":[],"yoast_head":"<!-- This site is optimized with the Yoast SEO plugin v27.4 - https:\/\/yoast.com\/product\/yoast-seo-wordpress\/ -->\n<title>\u00c6ndring af reglerne for beskatning af fri bil - Ecovis i Danmark<\/title>\n<meta name=\"robots\" content=\"index, follow, max-snippet:-1, max-image-preview:large, max-video-preview:-1\" \/>\n<link rel=\"canonical\" href=\"https:\/\/www.ecovis.com\/denmark\/dk\/aendring-af-reglerne-for-beskatning-af-fri-bil\/\" \/>\n<meta property=\"og:locale\" content=\"da_DK\" \/>\n<meta property=\"og:type\" content=\"article\" \/>\n<meta property=\"og:title\" content=\"\u00c6ndring af reglerne for beskatning af fri bil - Ecovis i Danmark\" \/>\n<meta property=\"og:description\" content=\"Folketinget har den 9. februar 2021 vedtaget et lovforslag, som \u00e6ndrer reglerne for beskatning af fri bil igen. Vedtagelsen af lovforslaget f\u00e5r betydning for beregning af beskatningsgrundlaget for medarbejdere der f\u00e5r stillet fri bil til r\u00e5dighed. \u00c6ndringerne f\u00e5r virkning pr. 1. juli 2021 og frem til 2025. I dag opg\u00f8res beskatningsgrundlaget for fri bil som [&hellip;]\" \/>\n<meta property=\"og:url\" content=\"https:\/\/www.ecovis.com\/denmark\/dk\/aendring-af-reglerne-for-beskatning-af-fri-bil\/\" \/>\n<meta property=\"og:site_name\" content=\"Ecovis i Danmark\" \/>\n<meta property=\"article:published_time\" content=\"2021-02-12T19:14:37+00:00\" \/>\n<meta property=\"article:modified_time\" content=\"2021-08-30T07:26:41+00:00\" \/>\n<meta name=\"author\" content=\"denmarkfelix\" \/>\n<meta name=\"twitter:card\" content=\"summary_large_image\" \/>\n<meta name=\"twitter:label1\" content=\"Skrevet af\" \/>\n\t<meta name=\"twitter:data1\" content=\"denmarkfelix\" \/>\n\t<meta name=\"twitter:label2\" content=\"Estimeret l\u00e6setid\" \/>\n\t<meta name=\"twitter:data2\" content=\"2 minutter\" \/>\n<script type=\"application\/ld+json\" class=\"yoast-schema-graph\">{\"@context\":\"https:\\\/\\\/schema.org\",\"@graph\":[{\"@type\":\"Article\",\"@id\":\"https:\\\/\\\/www.ecovis.com\\\/denmark\\\/dk\\\/aendring-af-reglerne-for-beskatning-af-fri-bil\\\/#article\",\"isPartOf\":{\"@id\":\"https:\\\/\\\/www.ecovis.com\\\/denmark\\\/dk\\\/aendring-af-reglerne-for-beskatning-af-fri-bil\\\/\"},\"author\":{\"name\":\"denmarkfelix\",\"@id\":\"https:\\\/\\\/www.ecovis.com\\\/denmark\\\/dk\\\/#\\\/schema\\\/person\\\/9268a22000f7251631fc05e35f3965a9\"},\"headline\":\"\u00c6ndring af reglerne for beskatning af fri bil\",\"datePublished\":\"2021-02-12T19:14:37+00:00\",\"dateModified\":\"2021-08-30T07:26:41+00:00\",\"mainEntityOfPage\":{\"@id\":\"https:\\\/\\\/www.ecovis.com\\\/denmark\\\/dk\\\/aendring-af-reglerne-for-beskatning-af-fri-bil\\\/\"},\"wordCount\":390,\"articleSection\":[\"Nyheder\"],\"inLanguage\":\"da-DK\"},{\"@type\":\"WebPage\",\"@id\":\"https:\\\/\\\/www.ecovis.com\\\/denmark\\\/dk\\\/aendring-af-reglerne-for-beskatning-af-fri-bil\\\/\",\"url\":\"https:\\\/\\\/www.ecovis.com\\\/denmark\\\/dk\\\/aendring-af-reglerne-for-beskatning-af-fri-bil\\\/\",\"name\":\"\u00c6ndring af reglerne for beskatning af fri bil - Ecovis i Danmark\",\"isPartOf\":{\"@id\":\"https:\\\/\\\/www.ecovis.com\\\/denmark\\\/dk\\\/#website\"},\"datePublished\":\"2021-02-12T19:14:37+00:00\",\"dateModified\":\"2021-08-30T07:26:41+00:00\",\"author\":{\"@id\":\"https:\\\/\\\/www.ecovis.com\\\/denmark\\\/dk\\\/#\\\/schema\\\/person\\\/9268a22000f7251631fc05e35f3965a9\"},\"breadcrumb\":{\"@id\":\"https:\\\/\\\/www.ecovis.com\\\/denmark\\\/dk\\\/aendring-af-reglerne-for-beskatning-af-fri-bil\\\/#breadcrumb\"},\"inLanguage\":\"da-DK\",\"potentialAction\":[{\"@type\":\"ReadAction\",\"target\":[\"https:\\\/\\\/www.ecovis.com\\\/denmark\\\/dk\\\/aendring-af-reglerne-for-beskatning-af-fri-bil\\\/\"]}]},{\"@type\":\"BreadcrumbList\",\"@id\":\"https:\\\/\\\/www.ecovis.com\\\/denmark\\\/dk\\\/aendring-af-reglerne-for-beskatning-af-fri-bil\\\/#breadcrumb\",\"itemListElement\":[{\"@type\":\"ListItem\",\"position\":1,\"name\":\"Ecovis Global\",\"item\":\"https:\\\/\\\/www.ecovis.com\\\/\"},{\"@type\":\"ListItem\",\"position\":2,\"name\":\"Forside\",\"item\":\"https:\\\/\\\/www.ecovis.com\\\/denmark\\\/dk\\\/\"},{\"@type\":\"ListItem\",\"position\":3,\"name\":\"\u00c6ndring af reglerne for beskatning af fri bil\"}]},{\"@type\":\"WebSite\",\"@id\":\"https:\\\/\\\/www.ecovis.com\\\/denmark\\\/dk\\\/#website\",\"url\":\"https:\\\/\\\/www.ecovis.com\\\/denmark\\\/dk\\\/\",\"name\":\"Ecovis.com\",\"description\":\"\",\"potentialAction\":[{\"@type\":\"SearchAction\",\"target\":{\"@type\":\"EntryPoint\",\"urlTemplate\":\"https:\\\/\\\/www.ecovis.com\\\/denmark\\\/dk\\\/?s={search_term_string}\"},\"query-input\":{\"@type\":\"PropertyValueSpecification\",\"valueRequired\":true,\"valueName\":\"search_term_string\"}}],\"inLanguage\":\"da-DK\"},{\"@type\":\"Person\",\"@id\":\"https:\\\/\\\/www.ecovis.com\\\/denmark\\\/dk\\\/#\\\/schema\\\/person\\\/9268a22000f7251631fc05e35f3965a9\",\"name\":\"denmarkfelix\",\"image\":{\"@type\":\"ImageObject\",\"inLanguage\":\"da-DK\",\"@id\":\"https:\\\/\\\/secure.gravatar.com\\\/avatar\\\/5ce6f6b5a5b921e07e167daf0db9195b026559db86a8606174d985cbbcb9abb7?s=96&d=mm&r=g\",\"url\":\"https:\\\/\\\/secure.gravatar.com\\\/avatar\\\/5ce6f6b5a5b921e07e167daf0db9195b026559db86a8606174d985cbbcb9abb7?s=96&d=mm&r=g\",\"contentUrl\":\"https:\\\/\\\/secure.gravatar.com\\\/avatar\\\/5ce6f6b5a5b921e07e167daf0db9195b026559db86a8606174d985cbbcb9abb7?s=96&d=mm&r=g\",\"caption\":\"denmarkfelix\"},\"url\":\"https:\\\/\\\/www.ecovis.com\\\/denmark\\\/dk\\\/author\\\/denmarkfelix\\\/\"}]}<\/script>\n<!-- \/ Yoast SEO plugin. -->","yoast_head_json":{"title":"\u00c6ndring af reglerne for beskatning af fri bil - Ecovis i Danmark","robots":{"index":"index","follow":"follow","max-snippet":"max-snippet:-1","max-image-preview":"max-image-preview:large","max-video-preview":"max-video-preview:-1"},"canonical":"https:\/\/www.ecovis.com\/denmark\/dk\/aendring-af-reglerne-for-beskatning-af-fri-bil\/","og_locale":"da_DK","og_type":"article","og_title":"\u00c6ndring af reglerne for beskatning af fri bil - Ecovis i Danmark","og_description":"Folketinget har den 9. februar 2021 vedtaget et lovforslag, som \u00e6ndrer reglerne for beskatning af fri bil igen. Vedtagelsen af lovforslaget f\u00e5r betydning for beregning af beskatningsgrundlaget for medarbejdere der f\u00e5r stillet fri bil til r\u00e5dighed. \u00c6ndringerne f\u00e5r virkning pr. 1. juli 2021 og frem til 2025. I dag opg\u00f8res beskatningsgrundlaget for fri bil som [&hellip;]","og_url":"https:\/\/www.ecovis.com\/denmark\/dk\/aendring-af-reglerne-for-beskatning-af-fri-bil\/","og_site_name":"Ecovis i Danmark","article_published_time":"2021-02-12T19:14:37+00:00","article_modified_time":"2021-08-30T07:26:41+00:00","author":"denmarkfelix","twitter_card":"summary_large_image","twitter_misc":{"Skrevet af":"denmarkfelix","Estimeret l\u00e6setid":"2 minutter"},"schema":{"@context":"https:\/\/schema.org","@graph":[{"@type":"Article","@id":"https:\/\/www.ecovis.com\/denmark\/dk\/aendring-af-reglerne-for-beskatning-af-fri-bil\/#article","isPartOf":{"@id":"https:\/\/www.ecovis.com\/denmark\/dk\/aendring-af-reglerne-for-beskatning-af-fri-bil\/"},"author":{"name":"denmarkfelix","@id":"https:\/\/www.ecovis.com\/denmark\/dk\/#\/schema\/person\/9268a22000f7251631fc05e35f3965a9"},"headline":"\u00c6ndring af reglerne for beskatning af fri bil","datePublished":"2021-02-12T19:14:37+00:00","dateModified":"2021-08-30T07:26:41+00:00","mainEntityOfPage":{"@id":"https:\/\/www.ecovis.com\/denmark\/dk\/aendring-af-reglerne-for-beskatning-af-fri-bil\/"},"wordCount":390,"articleSection":["Nyheder"],"inLanguage":"da-DK"},{"@type":"WebPage","@id":"https:\/\/www.ecovis.com\/denmark\/dk\/aendring-af-reglerne-for-beskatning-af-fri-bil\/","url":"https:\/\/www.ecovis.com\/denmark\/dk\/aendring-af-reglerne-for-beskatning-af-fri-bil\/","name":"\u00c6ndring af reglerne for beskatning af fri bil - Ecovis i Danmark","isPartOf":{"@id":"https:\/\/www.ecovis.com\/denmark\/dk\/#website"},"datePublished":"2021-02-12T19:14:37+00:00","dateModified":"2021-08-30T07:26:41+00:00","author":{"@id":"https:\/\/www.ecovis.com\/denmark\/dk\/#\/schema\/person\/9268a22000f7251631fc05e35f3965a9"},"breadcrumb":{"@id":"https:\/\/www.ecovis.com\/denmark\/dk\/aendring-af-reglerne-for-beskatning-af-fri-bil\/#breadcrumb"},"inLanguage":"da-DK","potentialAction":[{"@type":"ReadAction","target":["https:\/\/www.ecovis.com\/denmark\/dk\/aendring-af-reglerne-for-beskatning-af-fri-bil\/"]}]},{"@type":"BreadcrumbList","@id":"https:\/\/www.ecovis.com\/denmark\/dk\/aendring-af-reglerne-for-beskatning-af-fri-bil\/#breadcrumb","itemListElement":[{"@type":"ListItem","position":1,"name":"Ecovis Global","item":"https:\/\/www.ecovis.com\/"},{"@type":"ListItem","position":2,"name":"Forside","item":"https:\/\/www.ecovis.com\/denmark\/dk\/"},{"@type":"ListItem","position":3,"name":"\u00c6ndring af reglerne for beskatning af fri bil"}]},{"@type":"WebSite","@id":"https:\/\/www.ecovis.com\/denmark\/dk\/#website","url":"https:\/\/www.ecovis.com\/denmark\/dk\/","name":"Ecovis.com","description":"","potentialAction":[{"@type":"SearchAction","target":{"@type":"EntryPoint","urlTemplate":"https:\/\/www.ecovis.com\/denmark\/dk\/?s={search_term_string}"},"query-input":{"@type":"PropertyValueSpecification","valueRequired":true,"valueName":"search_term_string"}}],"inLanguage":"da-DK"},{"@type":"Person","@id":"https:\/\/www.ecovis.com\/denmark\/dk\/#\/schema\/person\/9268a22000f7251631fc05e35f3965a9","name":"denmarkfelix","image":{"@type":"ImageObject","inLanguage":"da-DK","@id":"https:\/\/secure.gravatar.com\/avatar\/5ce6f6b5a5b921e07e167daf0db9195b026559db86a8606174d985cbbcb9abb7?s=96&d=mm&r=g","url":"https:\/\/secure.gravatar.com\/avatar\/5ce6f6b5a5b921e07e167daf0db9195b026559db86a8606174d985cbbcb9abb7?s=96&d=mm&r=g","contentUrl":"https:\/\/secure.gravatar.com\/avatar\/5ce6f6b5a5b921e07e167daf0db9195b026559db86a8606174d985cbbcb9abb7?s=96&d=mm&r=g","caption":"denmarkfelix"},"url":"https:\/\/www.ecovis.com\/denmark\/dk\/author\/denmarkfelix\/"}]}},"featured_image_url":"","featured_image_url_large":"","_links":{"self":[{"href":"https:\/\/www.ecovis.com\/denmark\/dk\/wp-json\/wp\/v2\/posts\/2177","targetHints":{"allow":["GET"]}}],"collection":[{"href":"https:\/\/www.ecovis.com\/denmark\/dk\/wp-json\/wp\/v2\/posts"}],"about":[{"href":"https:\/\/www.ecovis.com\/denmark\/dk\/wp-json\/wp\/v2\/types\/post"}],"author":[{"embeddable":true,"href":"https:\/\/www.ecovis.com\/denmark\/dk\/wp-json\/wp\/v2\/users\/6"}],"replies":[{"embeddable":true,"href":"https:\/\/www.ecovis.com\/denmark\/dk\/wp-json\/wp\/v2\/comments?post=2177"}],"version-history":[{"count":10,"href":"https:\/\/www.ecovis.com\/denmark\/dk\/wp-json\/wp\/v2\/posts\/2177\/revisions"}],"predecessor-version":[{"id":2206,"href":"https:\/\/www.ecovis.com\/denmark\/dk\/wp-json\/wp\/v2\/posts\/2177\/revisions\/2206"}],"wp:attachment":[{"href":"https:\/\/www.ecovis.com\/denmark\/dk\/wp-json\/wp\/v2\/media?parent=2177"}],"wp:term":[{"taxonomy":"category","embeddable":true,"href":"https:\/\/www.ecovis.com\/denmark\/dk\/wp-json\/wp\/v2\/categories?post=2177"},{"taxonomy":"post_tag","embeddable":true,"href":"https:\/\/www.ecovis.com\/denmark\/dk\/wp-json\/wp\/v2\/tags?post=2177"}],"curies":[{"name":"wp","href":"https:\/\/api.w.org\/{rel}","templated":true}]}}