{"id":2160,"date":"2021-02-03T11:14:16","date_gmt":"2021-02-03T10:14:16","guid":{"rendered":"https:\/\/www.ecovis.com\/denmark\/dk\/?p=2160"},"modified":"2021-08-30T09:26:40","modified_gmt":"2021-08-30T07:26:40","slug":"a-skattelaan-til-smaa-og-mellemstore-virksomheder","status":"publish","type":"post","link":"https:\/\/www.ecovis.com\/denmark\/dk\/a-skattelaan-til-smaa-og-mellemstore-virksomheder\/","title":{"rendered":"A-skattel\u00e5n til sm\u00e5 og mellemstore virksomheder"},"content":{"rendered":"<p>Folketinget har vedtaget, at der indf\u00f8res en ny l\u00e5neordning for A-skat og am-bidrag til sm\u00e5 og mellemstore virksomheder. Dermed kan virksomheder s\u00f8ge om at l\u00e5ne et bel\u00f8b, der svarer til det, der er indberettet rettidigt i A-skat og am-bidrag for perioderne august og december 2020. L\u00e5net skal tilbagebetales senest den 1. november 2021.<\/p>\n<p>Ans\u00f8gningsperioden l\u00f8ber fra 3. februar og frem til 31. marts 2021.<\/p>\n<h3>Hvilke virksomheder kan s\u00f8ge om l\u00e5n?<\/h3>\n<p>Sm\u00e5 og mellemstore virksomheder kan ans\u00f8ge om et rentefrit l\u00e5n p\u00e5 et bel\u00f8b svarende til den A-skat og det am-bidrag, som virksomhederne har indberettet rettidigt for perioderne august og december 2020 med indberetningsfristerne 10. september 2020 og 18. januar 2021.<\/p>\n<p>For at kunne f\u00e5 et l\u00e5n kr\u00e6ver det, at virksomheden:<\/p>\n<ul>\n<li>at virksomheden har indberettet A-skat og am-bidrag rettidigt for mindst en af perioderne august og december 2020.<\/li>\n<li>ikke er under konkursbehandling, rekonstruktionsbehandling, likvidation eller tvangsopl\u00f8sning<\/li>\n<li>ikke har stillet sikkerhed eller er blevet p\u00e5lagt at stille sikkerhed efter opkr\u00e6vningslovens \u00a7 11.<\/li>\n<li>ikke har en eller flere forel\u00f8bige fasts\u00e6ttelser, som ikke er erstattet af en indberetning<\/li>\n<li>ikke har en fysisk eller juridisk person, som indenfor de sidste 10 \u00e5r er d\u00f8mt for skatte- og afgiftssvig, og som:\n<ul>\n<li>ejer virksomheden<\/li>\n<li>reelt driver virksomheden<\/li>\n<li>er medlem af virksomhedens bestyrelse eller direktion<\/li>\n<li>er filialbestyrer i virksomheden<\/li>\n<\/ul>\n<\/li>\n<li>ikke har skiftet 50 % eller mere ud af ejerkredsen i perioden fra og med den 17. december 2020 til og med dagen for anmodningen om l\u00e5n. <strong>Du kan dog godt ans\u00f8ge, hvis du kan vedl\u00e6gge en revisorerkl\u00e6ring om ejerskiftet<\/strong>\n<li>ikke er en offentlig institution<\/li>\n<li>har et aktivt cvr- eller se-nummer.<\/li>\n<\/ul>\n<p>Virksomheden skal overholde ovenst\u00e5ende kriterier i hele l\u00e5neperioden.<\/p>\n<h3>Hvis virksomheden har g\u00e6ld til det offentlige<\/h3>\n<p>Virksomheder, som har g\u00e6ld til det offentlige, kan godt ans\u00f8ge om l\u00e5n. I s\u00e5 fald udbetales l\u00e5net ikke, men bruges i stedet til at d\u00e6kke virksomhedens g\u00e6ld helt eller delvist.<\/p>\n<h3>Udbetaling af l\u00e5net<\/h3>\n<p>Hvis din virksomhed f\u00e5r godkendt et l\u00e5n, vil l\u00e5net fremg\u00e5 af virksomhedens Skattekonto.<\/p>\n<p>Hvis virksomheden har ubetalte krav p\u00e5 Skattekontoen vil l\u00e5net f\u00f8rst g\u00e5 til at d\u00e6kke disse krav. Derefter bliver l\u00e5net modregnet eventuel anden offentlig g\u00e6ld, der er under inddrivelse. Hvis der derefter er penge tilbage, udbetales resten af l\u00e5net til virksomhedens NemKonto.<\/p>\n<p><em>V\u00e6r opm\u00e6rksom p\u00e5 at for at f\u00e5 pengene udbetalt kr\u00e6ver det, at virksomhedens udbetalingsgr\u00e6nse p\u00e5 Skattekontoen s\u00e6ttes s\u00e5 lavt, at de resterende penge automatisk kan blive udbetalt til virksomhedens NemKonto.<\/em><\/p>\n<h3>Tilbagebetaling af l\u00e5net<\/h3>\n<p>Virksomheden skal betale l\u00e5net tilbage senest den 1. november 2021. Tilbagebetalingen skal ske via virksomhedens skattekonto.<\/p>\n<p>Hvis virksomheden i l\u00e5nets l\u00f8betid ikke l\u00e6ngere opfylder betingelserne for l\u00e5net, skal l\u00e5net tilbagebetales straks efter, at virksomheden ikke l\u00e6ngere opfyldte betingelserne.<\/p>\n<h3>S\u00e5dan s\u00f8ger du om l\u00e5net<\/h3>\n<p>Du ans\u00f8ger om l\u00e5net p\u00e5 virk.dk:<br \/>\n<a class=\"underlinelink\" href=\"https:\/\/virk.dk\/myndigheder\/stat\/SKST\/selvbetjening\/A_skat_Laan\" rel=\"noopener\" target=\"_blank\">https:\/\/virk.dk\/myndigheder\/stat\/SKST\/selvbetjening\/A_skat_Laan <\/a><\/p>\n<p><strong>Dette skal du bruge:<\/strong><br \/>\nDet se-\/cvr-nummer, som er anvendt i forbindelse med indberetningen af A-skat og am-bidrag<\/p>\n<p>En revisorerkl\u00e6ring, hvis der i perioden fra den 17. december 2020 til og med dagen for anmodningen om l\u00e5n har v\u00e6ret gennemf\u00f8rt ejerskifte i ejerkredsen p\u00e5 50 % eller derover.<\/p>\n<p><strong>F\u00f8r du starter udfyldelsen:<\/strong><br \/>\nDu skal s\u00f8rge for, at virksomheden ikke har nogen forel\u00f8bige fasts\u00e6ttelser, som ikke er erstattet af en indberetning.<\/p>\n","protected":false},"excerpt":{"rendered":"<p>Folketinget har vedtaget, at der indf\u00f8res en ny l\u00e5neordning for A-skat og am-bidrag til sm\u00e5 og mellemstore virksomheder. Dermed kan virksomheder s\u00f8ge om at l\u00e5ne et bel\u00f8b, der svarer til det, der er indberettet rettidigt i A-skat og am-bidrag for perioderne august og december 2020. L\u00e5net skal tilbagebetales senest den 1. november 2021. Ans\u00f8gningsperioden l\u00f8ber [&hellip;]<\/p>\n","protected":false},"author":6,"featured_media":0,"comment_status":"closed","ping_status":"open","sticky":false,"template":"","format":"standard","meta":{"_acf_changed":false,"footnotes":""},"categories":[17],"tags":[],"class_list":["post-2160","post","type-post","status-publish","format-standard","hentry","category-nyheder"],"acf":[],"yoast_head":"<!-- This site is optimized with the Yoast SEO plugin v27.4 - https:\/\/yoast.com\/product\/yoast-seo-wordpress\/ -->\n<title>A-skattel\u00e5n til sm\u00e5 og mellemstore virksomheder - Ecovis i Danmark<\/title>\n<meta name=\"robots\" content=\"index, follow, max-snippet:-1, max-image-preview:large, max-video-preview:-1\" \/>\n<link rel=\"canonical\" href=\"https:\/\/www.ecovis.com\/denmark\/dk\/a-skattelaan-til-smaa-og-mellemstore-virksomheder\/\" \/>\n<meta property=\"og:locale\" content=\"da_DK\" \/>\n<meta property=\"og:type\" content=\"article\" \/>\n<meta property=\"og:title\" content=\"A-skattel\u00e5n til sm\u00e5 og mellemstore virksomheder - Ecovis i Danmark\" \/>\n<meta property=\"og:description\" content=\"Folketinget har vedtaget, at der indf\u00f8res en ny l\u00e5neordning for A-skat og am-bidrag til sm\u00e5 og mellemstore virksomheder. Dermed kan virksomheder s\u00f8ge om at l\u00e5ne et bel\u00f8b, der svarer til det, der er indberettet rettidigt i A-skat og am-bidrag for perioderne august og december 2020. L\u00e5net skal tilbagebetales senest den 1. november 2021. Ans\u00f8gningsperioden l\u00f8ber [&hellip;]\" \/>\n<meta property=\"og:url\" content=\"https:\/\/www.ecovis.com\/denmark\/dk\/a-skattelaan-til-smaa-og-mellemstore-virksomheder\/\" \/>\n<meta property=\"og:site_name\" content=\"Ecovis i Danmark\" \/>\n<meta property=\"article:published_time\" content=\"2021-02-03T10:14:16+00:00\" \/>\n<meta property=\"article:modified_time\" content=\"2021-08-30T07:26:40+00:00\" \/>\n<meta name=\"author\" content=\"denmarkfelix\" \/>\n<meta name=\"twitter:card\" content=\"summary_large_image\" \/>\n<meta name=\"twitter:label1\" content=\"Skrevet af\" \/>\n\t<meta name=\"twitter:data1\" content=\"denmarkfelix\" \/>\n\t<meta name=\"twitter:label2\" content=\"Estimeret l\u00e6setid\" \/>\n\t<meta name=\"twitter:data2\" content=\"3 minutter\" \/>\n<script type=\"application\/ld+json\" class=\"yoast-schema-graph\">{\"@context\":\"https:\\\/\\\/schema.org\",\"@graph\":[{\"@type\":\"Article\",\"@id\":\"https:\\\/\\\/www.ecovis.com\\\/denmark\\\/dk\\\/a-skattelaan-til-smaa-og-mellemstore-virksomheder\\\/#article\",\"isPartOf\":{\"@id\":\"https:\\\/\\\/www.ecovis.com\\\/denmark\\\/dk\\\/a-skattelaan-til-smaa-og-mellemstore-virksomheder\\\/\"},\"author\":{\"name\":\"denmarkfelix\",\"@id\":\"https:\\\/\\\/www.ecovis.com\\\/denmark\\\/dk\\\/#\\\/schema\\\/person\\\/9268a22000f7251631fc05e35f3965a9\"},\"headline\":\"A-skattel\u00e5n til sm\u00e5 og mellemstore virksomheder\",\"datePublished\":\"2021-02-03T10:14:16+00:00\",\"dateModified\":\"2021-08-30T07:26:40+00:00\",\"mainEntityOfPage\":{\"@id\":\"https:\\\/\\\/www.ecovis.com\\\/denmark\\\/dk\\\/a-skattelaan-til-smaa-og-mellemstore-virksomheder\\\/\"},\"wordCount\":579,\"articleSection\":[\"Nyheder\"],\"inLanguage\":\"da-DK\"},{\"@type\":\"WebPage\",\"@id\":\"https:\\\/\\\/www.ecovis.com\\\/denmark\\\/dk\\\/a-skattelaan-til-smaa-og-mellemstore-virksomheder\\\/\",\"url\":\"https:\\\/\\\/www.ecovis.com\\\/denmark\\\/dk\\\/a-skattelaan-til-smaa-og-mellemstore-virksomheder\\\/\",\"name\":\"A-skattel\u00e5n til sm\u00e5 og mellemstore virksomheder - Ecovis i Danmark\",\"isPartOf\":{\"@id\":\"https:\\\/\\\/www.ecovis.com\\\/denmark\\\/dk\\\/#website\"},\"datePublished\":\"2021-02-03T10:14:16+00:00\",\"dateModified\":\"2021-08-30T07:26:40+00:00\",\"author\":{\"@id\":\"https:\\\/\\\/www.ecovis.com\\\/denmark\\\/dk\\\/#\\\/schema\\\/person\\\/9268a22000f7251631fc05e35f3965a9\"},\"breadcrumb\":{\"@id\":\"https:\\\/\\\/www.ecovis.com\\\/denmark\\\/dk\\\/a-skattelaan-til-smaa-og-mellemstore-virksomheder\\\/#breadcrumb\"},\"inLanguage\":\"da-DK\",\"potentialAction\":[{\"@type\":\"ReadAction\",\"target\":[\"https:\\\/\\\/www.ecovis.com\\\/denmark\\\/dk\\\/a-skattelaan-til-smaa-og-mellemstore-virksomheder\\\/\"]}]},{\"@type\":\"BreadcrumbList\",\"@id\":\"https:\\\/\\\/www.ecovis.com\\\/denmark\\\/dk\\\/a-skattelaan-til-smaa-og-mellemstore-virksomheder\\\/#breadcrumb\",\"itemListElement\":[{\"@type\":\"ListItem\",\"position\":1,\"name\":\"Ecovis Global\",\"item\":\"https:\\\/\\\/www.ecovis.com\\\/\"},{\"@type\":\"ListItem\",\"position\":2,\"name\":\"Forside\",\"item\":\"https:\\\/\\\/www.ecovis.com\\\/denmark\\\/dk\\\/\"},{\"@type\":\"ListItem\",\"position\":3,\"name\":\"A-skattel\u00e5n til sm\u00e5 og mellemstore virksomheder\"}]},{\"@type\":\"WebSite\",\"@id\":\"https:\\\/\\\/www.ecovis.com\\\/denmark\\\/dk\\\/#website\",\"url\":\"https:\\\/\\\/www.ecovis.com\\\/denmark\\\/dk\\\/\",\"name\":\"Ecovis.com\",\"description\":\"\",\"potentialAction\":[{\"@type\":\"SearchAction\",\"target\":{\"@type\":\"EntryPoint\",\"urlTemplate\":\"https:\\\/\\\/www.ecovis.com\\\/denmark\\\/dk\\\/?s={search_term_string}\"},\"query-input\":{\"@type\":\"PropertyValueSpecification\",\"valueRequired\":true,\"valueName\":\"search_term_string\"}}],\"inLanguage\":\"da-DK\"},{\"@type\":\"Person\",\"@id\":\"https:\\\/\\\/www.ecovis.com\\\/denmark\\\/dk\\\/#\\\/schema\\\/person\\\/9268a22000f7251631fc05e35f3965a9\",\"name\":\"denmarkfelix\",\"image\":{\"@type\":\"ImageObject\",\"inLanguage\":\"da-DK\",\"@id\":\"https:\\\/\\\/secure.gravatar.com\\\/avatar\\\/5ce6f6b5a5b921e07e167daf0db9195b026559db86a8606174d985cbbcb9abb7?s=96&d=mm&r=g\",\"url\":\"https:\\\/\\\/secure.gravatar.com\\\/avatar\\\/5ce6f6b5a5b921e07e167daf0db9195b026559db86a8606174d985cbbcb9abb7?s=96&d=mm&r=g\",\"contentUrl\":\"https:\\\/\\\/secure.gravatar.com\\\/avatar\\\/5ce6f6b5a5b921e07e167daf0db9195b026559db86a8606174d985cbbcb9abb7?s=96&d=mm&r=g\",\"caption\":\"denmarkfelix\"},\"url\":\"https:\\\/\\\/www.ecovis.com\\\/denmark\\\/dk\\\/author\\\/denmarkfelix\\\/\"}]}<\/script>\n<!-- \/ Yoast SEO plugin. -->","yoast_head_json":{"title":"A-skattel\u00e5n til sm\u00e5 og mellemstore virksomheder - Ecovis i Danmark","robots":{"index":"index","follow":"follow","max-snippet":"max-snippet:-1","max-image-preview":"max-image-preview:large","max-video-preview":"max-video-preview:-1"},"canonical":"https:\/\/www.ecovis.com\/denmark\/dk\/a-skattelaan-til-smaa-og-mellemstore-virksomheder\/","og_locale":"da_DK","og_type":"article","og_title":"A-skattel\u00e5n til sm\u00e5 og mellemstore virksomheder - Ecovis i Danmark","og_description":"Folketinget har vedtaget, at der indf\u00f8res en ny l\u00e5neordning for A-skat og am-bidrag til sm\u00e5 og mellemstore virksomheder. Dermed kan virksomheder s\u00f8ge om at l\u00e5ne et bel\u00f8b, der svarer til det, der er indberettet rettidigt i A-skat og am-bidrag for perioderne august og december 2020. L\u00e5net skal tilbagebetales senest den 1. november 2021. Ans\u00f8gningsperioden l\u00f8ber [&hellip;]","og_url":"https:\/\/www.ecovis.com\/denmark\/dk\/a-skattelaan-til-smaa-og-mellemstore-virksomheder\/","og_site_name":"Ecovis i Danmark","article_published_time":"2021-02-03T10:14:16+00:00","article_modified_time":"2021-08-30T07:26:40+00:00","author":"denmarkfelix","twitter_card":"summary_large_image","twitter_misc":{"Skrevet af":"denmarkfelix","Estimeret l\u00e6setid":"3 minutter"},"schema":{"@context":"https:\/\/schema.org","@graph":[{"@type":"Article","@id":"https:\/\/www.ecovis.com\/denmark\/dk\/a-skattelaan-til-smaa-og-mellemstore-virksomheder\/#article","isPartOf":{"@id":"https:\/\/www.ecovis.com\/denmark\/dk\/a-skattelaan-til-smaa-og-mellemstore-virksomheder\/"},"author":{"name":"denmarkfelix","@id":"https:\/\/www.ecovis.com\/denmark\/dk\/#\/schema\/person\/9268a22000f7251631fc05e35f3965a9"},"headline":"A-skattel\u00e5n til sm\u00e5 og mellemstore virksomheder","datePublished":"2021-02-03T10:14:16+00:00","dateModified":"2021-08-30T07:26:40+00:00","mainEntityOfPage":{"@id":"https:\/\/www.ecovis.com\/denmark\/dk\/a-skattelaan-til-smaa-og-mellemstore-virksomheder\/"},"wordCount":579,"articleSection":["Nyheder"],"inLanguage":"da-DK"},{"@type":"WebPage","@id":"https:\/\/www.ecovis.com\/denmark\/dk\/a-skattelaan-til-smaa-og-mellemstore-virksomheder\/","url":"https:\/\/www.ecovis.com\/denmark\/dk\/a-skattelaan-til-smaa-og-mellemstore-virksomheder\/","name":"A-skattel\u00e5n til sm\u00e5 og mellemstore virksomheder - Ecovis i Danmark","isPartOf":{"@id":"https:\/\/www.ecovis.com\/denmark\/dk\/#website"},"datePublished":"2021-02-03T10:14:16+00:00","dateModified":"2021-08-30T07:26:40+00:00","author":{"@id":"https:\/\/www.ecovis.com\/denmark\/dk\/#\/schema\/person\/9268a22000f7251631fc05e35f3965a9"},"breadcrumb":{"@id":"https:\/\/www.ecovis.com\/denmark\/dk\/a-skattelaan-til-smaa-og-mellemstore-virksomheder\/#breadcrumb"},"inLanguage":"da-DK","potentialAction":[{"@type":"ReadAction","target":["https:\/\/www.ecovis.com\/denmark\/dk\/a-skattelaan-til-smaa-og-mellemstore-virksomheder\/"]}]},{"@type":"BreadcrumbList","@id":"https:\/\/www.ecovis.com\/denmark\/dk\/a-skattelaan-til-smaa-og-mellemstore-virksomheder\/#breadcrumb","itemListElement":[{"@type":"ListItem","position":1,"name":"Ecovis Global","item":"https:\/\/www.ecovis.com\/"},{"@type":"ListItem","position":2,"name":"Forside","item":"https:\/\/www.ecovis.com\/denmark\/dk\/"},{"@type":"ListItem","position":3,"name":"A-skattel\u00e5n til sm\u00e5 og mellemstore virksomheder"}]},{"@type":"WebSite","@id":"https:\/\/www.ecovis.com\/denmark\/dk\/#website","url":"https:\/\/www.ecovis.com\/denmark\/dk\/","name":"Ecovis.com","description":"","potentialAction":[{"@type":"SearchAction","target":{"@type":"EntryPoint","urlTemplate":"https:\/\/www.ecovis.com\/denmark\/dk\/?s={search_term_string}"},"query-input":{"@type":"PropertyValueSpecification","valueRequired":true,"valueName":"search_term_string"}}],"inLanguage":"da-DK"},{"@type":"Person","@id":"https:\/\/www.ecovis.com\/denmark\/dk\/#\/schema\/person\/9268a22000f7251631fc05e35f3965a9","name":"denmarkfelix","image":{"@type":"ImageObject","inLanguage":"da-DK","@id":"https:\/\/secure.gravatar.com\/avatar\/5ce6f6b5a5b921e07e167daf0db9195b026559db86a8606174d985cbbcb9abb7?s=96&d=mm&r=g","url":"https:\/\/secure.gravatar.com\/avatar\/5ce6f6b5a5b921e07e167daf0db9195b026559db86a8606174d985cbbcb9abb7?s=96&d=mm&r=g","contentUrl":"https:\/\/secure.gravatar.com\/avatar\/5ce6f6b5a5b921e07e167daf0db9195b026559db86a8606174d985cbbcb9abb7?s=96&d=mm&r=g","caption":"denmarkfelix"},"url":"https:\/\/www.ecovis.com\/denmark\/dk\/author\/denmarkfelix\/"}]}},"featured_image_url":"","featured_image_url_large":"","_links":{"self":[{"href":"https:\/\/www.ecovis.com\/denmark\/dk\/wp-json\/wp\/v2\/posts\/2160","targetHints":{"allow":["GET"]}}],"collection":[{"href":"https:\/\/www.ecovis.com\/denmark\/dk\/wp-json\/wp\/v2\/posts"}],"about":[{"href":"https:\/\/www.ecovis.com\/denmark\/dk\/wp-json\/wp\/v2\/types\/post"}],"author":[{"embeddable":true,"href":"https:\/\/www.ecovis.com\/denmark\/dk\/wp-json\/wp\/v2\/users\/6"}],"replies":[{"embeddable":true,"href":"https:\/\/www.ecovis.com\/denmark\/dk\/wp-json\/wp\/v2\/comments?post=2160"}],"version-history":[{"count":5,"href":"https:\/\/www.ecovis.com\/denmark\/dk\/wp-json\/wp\/v2\/posts\/2160\/revisions"}],"predecessor-version":[{"id":2166,"href":"https:\/\/www.ecovis.com\/denmark\/dk\/wp-json\/wp\/v2\/posts\/2160\/revisions\/2166"}],"wp:attachment":[{"href":"https:\/\/www.ecovis.com\/denmark\/dk\/wp-json\/wp\/v2\/media?parent=2160"}],"wp:term":[{"taxonomy":"category","embeddable":true,"href":"https:\/\/www.ecovis.com\/denmark\/dk\/wp-json\/wp\/v2\/categories?post=2160"},{"taxonomy":"post_tag","embeddable":true,"href":"https:\/\/www.ecovis.com\/denmark\/dk\/wp-json\/wp\/v2\/tags?post=2160"}],"curies":[{"name":"wp","href":"https:\/\/api.w.org\/{rel}","templated":true}]}}