{"id":2105,"date":"2021-01-12T19:19:46","date_gmt":"2021-01-12T18:19:46","guid":{"rendered":"https:\/\/www.ecovis.com\/denmark\/dk\/?p=2105"},"modified":"2021-08-30T09:26:41","modified_gmt":"2021-08-30T07:26:41","slug":"nye-regler-for-foraeldrekoeb-i-virksomhedsordningen","status":"publish","type":"post","link":"https:\/\/www.ecovis.com\/denmark\/dk\/nye-regler-for-foraeldrekoeb-i-virksomhedsordningen\/","title":{"rendered":"Nye regler for for\u00e6ldrek\u00f8b i virksomhedsordningen"},"content":{"rendered":"<p>Den 21. december 2020 blev der vedtaget nye regler for for\u00e6ldrek\u00f8b hvor ejeren af ejendommen anvender virksomhedsordningen. De nye regler tr\u00e6der i kraft med virkning fra 1. januar 2021.<\/p>\n<p>Ejendomme som er omfattet af reglerne, er ejendomme som udlejes eller stilles til r\u00e5dighed som bolig for n\u00e6rtst\u00e5ende til ejeren og dennes \u00e6gtef\u00e6lle. N\u00e6rtst\u00e5ende er i denne sammenh\u00e6ng b\u00f8rn, b\u00f8rneb\u00f8rn og disses \u00e6gtef\u00e6ller samt bedstefor\u00e6ldre.<\/p>\n<p>Ved anvendelse af virksomhedsordningen har ejere af en for\u00e6ldrek\u00f8bsejendom efter de tidligere regler haft gunstige muligheder for fradrag af renteomkostninger. <\/p>\n<p>De \u00e6ndrede regler betyder, at det ikke l\u00e6ngere er attraktivt at have en for\u00e6ldrek\u00f8bslejlighed i virksomhedsordningen, da man ikke kan opn\u00e5 fuldt fradragsv\u00e6rdi for renterne, som det ellers tidligere var tilf\u00e6ldet. <\/p>\n<p>Med de nye regler skal der ske en s\u00e5kaldt rentekorrektion, som betyder at renter vil have samme fradragsv\u00e6rdi, som hvis der var tale om private renter, og fradragsv\u00e6rdien er s\u00e5ledes begr\u00e6nset sammenlignet med de tidligere regler.<\/p>\n<p>Renteudgifterne af g\u00e6ld til k\u00f8b af for\u00e6ldrek\u00f8bsejendomme i virksomhedsordningen f\u00e5r fra 2021 en skattem\u00e6ssig fradragsv\u00e6rdi p\u00e5 cirka 33%, hvor de tidligere havde en fradragsv\u00e6rdi p\u00e5 op til cirka 56% (forudsat at der betales topskat). Det betyder, at hvis du f.eks. har renteudgifter for 25.000 kr. vil fradragsv\u00e6rdien fremover udg\u00f8re ca. 8.250 kr. mod ca. 14.000 kr. efter de gamle regler.  <\/p>\n<p>Der skal foretages rentekorrektion s\u00e5 l\u00e6nge ejendommen er udlejet til n\u00e6rtst\u00e5ende omtalt ovenfor. Udlejes ejendommen til personer som ikke er n\u00e6rtst\u00e5ende, vil virksomhedsordningens regler fortsat kunne anvendes.<\/p>\n<p>Rentekorrektionssatsen fasts\u00e6ttes for et \u00e5r ad gangen og udg\u00f8r for 2020 3 %.<\/p>\n<p>Har du en udlejningsejendom som udlejes til en n\u00e6rtst\u00e5ende person, og har du sp\u00f8rgsm\u00e5l til hvad de nye regler betyder for dig, s\u00e5 tag endelig kontakt til os. <\/p>\n","protected":false},"excerpt":{"rendered":"<p>Den 21. december 2020 blev der vedtaget nye regler for for\u00e6ldrek\u00f8b hvor ejeren af ejendommen anvender virksomhedsordningen. De nye regler tr\u00e6der i kraft med virkning fra 1. januar 2021. Ejendomme som er omfattet af reglerne, er ejendomme som udlejes eller stilles til r\u00e5dighed som bolig for n\u00e6rtst\u00e5ende til ejeren og dennes \u00e6gtef\u00e6lle. N\u00e6rtst\u00e5ende er i [&hellip;]<\/p>\n","protected":false},"author":6,"featured_media":0,"comment_status":"closed","ping_status":"open","sticky":false,"template":"","format":"standard","meta":{"_acf_changed":false,"footnotes":""},"categories":[17],"tags":[],"class_list":["post-2105","post","type-post","status-publish","format-standard","hentry","category-nyheder"],"acf":[],"yoast_head":"<!-- This site is optimized with the Yoast SEO plugin v27.4 - https:\/\/yoast.com\/product\/yoast-seo-wordpress\/ -->\n<title>Nye regler for for\u00e6ldrek\u00f8b i virksomhedsordningen - Ecovis i Danmark<\/title>\n<meta name=\"robots\" content=\"index, follow, max-snippet:-1, max-image-preview:large, max-video-preview:-1\" \/>\n<link rel=\"canonical\" href=\"https:\/\/www.ecovis.com\/denmark\/dk\/nye-regler-for-foraeldrekoeb-i-virksomhedsordningen\/\" \/>\n<meta property=\"og:locale\" content=\"da_DK\" \/>\n<meta property=\"og:type\" content=\"article\" \/>\n<meta property=\"og:title\" content=\"Nye regler for for\u00e6ldrek\u00f8b i virksomhedsordningen - Ecovis i Danmark\" \/>\n<meta property=\"og:description\" content=\"Den 21. december 2020 blev der vedtaget nye regler for for\u00e6ldrek\u00f8b hvor ejeren af ejendommen anvender virksomhedsordningen. De nye regler tr\u00e6der i kraft med virkning fra 1. januar 2021. Ejendomme som er omfattet af reglerne, er ejendomme som udlejes eller stilles til r\u00e5dighed som bolig for n\u00e6rtst\u00e5ende til ejeren og dennes \u00e6gtef\u00e6lle. N\u00e6rtst\u00e5ende er i [&hellip;]\" \/>\n<meta property=\"og:url\" content=\"https:\/\/www.ecovis.com\/denmark\/dk\/nye-regler-for-foraeldrekoeb-i-virksomhedsordningen\/\" \/>\n<meta property=\"og:site_name\" content=\"Ecovis i Danmark\" \/>\n<meta property=\"article:published_time\" content=\"2021-01-12T18:19:46+00:00\" \/>\n<meta property=\"article:modified_time\" content=\"2021-08-30T07:26:41+00:00\" \/>\n<meta name=\"author\" content=\"denmarkfelix\" \/>\n<meta name=\"twitter:card\" content=\"summary_large_image\" \/>\n<meta name=\"twitter:label1\" content=\"Skrevet af\" \/>\n\t<meta name=\"twitter:data1\" content=\"denmarkfelix\" \/>\n\t<meta name=\"twitter:label2\" content=\"Estimeret l\u00e6setid\" \/>\n\t<meta name=\"twitter:data2\" content=\"2 minutter\" \/>\n<script type=\"application\/ld+json\" class=\"yoast-schema-graph\">{\"@context\":\"https:\\\/\\\/schema.org\",\"@graph\":[{\"@type\":\"Article\",\"@id\":\"https:\\\/\\\/www.ecovis.com\\\/denmark\\\/dk\\\/nye-regler-for-foraeldrekoeb-i-virksomhedsordningen\\\/#article\",\"isPartOf\":{\"@id\":\"https:\\\/\\\/www.ecovis.com\\\/denmark\\\/dk\\\/nye-regler-for-foraeldrekoeb-i-virksomhedsordningen\\\/\"},\"author\":{\"name\":\"denmarkfelix\",\"@id\":\"https:\\\/\\\/www.ecovis.com\\\/denmark\\\/dk\\\/#\\\/schema\\\/person\\\/9268a22000f7251631fc05e35f3965a9\"},\"headline\":\"Nye regler for for\u00e6ldrek\u00f8b i virksomhedsordningen\",\"datePublished\":\"2021-01-12T18:19:46+00:00\",\"dateModified\":\"2021-08-30T07:26:41+00:00\",\"mainEntityOfPage\":{\"@id\":\"https:\\\/\\\/www.ecovis.com\\\/denmark\\\/dk\\\/nye-regler-for-foraeldrekoeb-i-virksomhedsordningen\\\/\"},\"wordCount\":323,\"articleSection\":[\"Nyheder\"],\"inLanguage\":\"da-DK\"},{\"@type\":\"WebPage\",\"@id\":\"https:\\\/\\\/www.ecovis.com\\\/denmark\\\/dk\\\/nye-regler-for-foraeldrekoeb-i-virksomhedsordningen\\\/\",\"url\":\"https:\\\/\\\/www.ecovis.com\\\/denmark\\\/dk\\\/nye-regler-for-foraeldrekoeb-i-virksomhedsordningen\\\/\",\"name\":\"Nye regler for for\u00e6ldrek\u00f8b i virksomhedsordningen - Ecovis i Danmark\",\"isPartOf\":{\"@id\":\"https:\\\/\\\/www.ecovis.com\\\/denmark\\\/dk\\\/#website\"},\"datePublished\":\"2021-01-12T18:19:46+00:00\",\"dateModified\":\"2021-08-30T07:26:41+00:00\",\"author\":{\"@id\":\"https:\\\/\\\/www.ecovis.com\\\/denmark\\\/dk\\\/#\\\/schema\\\/person\\\/9268a22000f7251631fc05e35f3965a9\"},\"breadcrumb\":{\"@id\":\"https:\\\/\\\/www.ecovis.com\\\/denmark\\\/dk\\\/nye-regler-for-foraeldrekoeb-i-virksomhedsordningen\\\/#breadcrumb\"},\"inLanguage\":\"da-DK\",\"potentialAction\":[{\"@type\":\"ReadAction\",\"target\":[\"https:\\\/\\\/www.ecovis.com\\\/denmark\\\/dk\\\/nye-regler-for-foraeldrekoeb-i-virksomhedsordningen\\\/\"]}]},{\"@type\":\"BreadcrumbList\",\"@id\":\"https:\\\/\\\/www.ecovis.com\\\/denmark\\\/dk\\\/nye-regler-for-foraeldrekoeb-i-virksomhedsordningen\\\/#breadcrumb\",\"itemListElement\":[{\"@type\":\"ListItem\",\"position\":1,\"name\":\"Ecovis Global\",\"item\":\"https:\\\/\\\/www.ecovis.com\\\/\"},{\"@type\":\"ListItem\",\"position\":2,\"name\":\"Forside\",\"item\":\"https:\\\/\\\/www.ecovis.com\\\/denmark\\\/dk\\\/\"},{\"@type\":\"ListItem\",\"position\":3,\"name\":\"Nye regler for for\u00e6ldrek\u00f8b i virksomhedsordningen\"}]},{\"@type\":\"WebSite\",\"@id\":\"https:\\\/\\\/www.ecovis.com\\\/denmark\\\/dk\\\/#website\",\"url\":\"https:\\\/\\\/www.ecovis.com\\\/denmark\\\/dk\\\/\",\"name\":\"Ecovis.com\",\"description\":\"\",\"potentialAction\":[{\"@type\":\"SearchAction\",\"target\":{\"@type\":\"EntryPoint\",\"urlTemplate\":\"https:\\\/\\\/www.ecovis.com\\\/denmark\\\/dk\\\/?s={search_term_string}\"},\"query-input\":{\"@type\":\"PropertyValueSpecification\",\"valueRequired\":true,\"valueName\":\"search_term_string\"}}],\"inLanguage\":\"da-DK\"},{\"@type\":\"Person\",\"@id\":\"https:\\\/\\\/www.ecovis.com\\\/denmark\\\/dk\\\/#\\\/schema\\\/person\\\/9268a22000f7251631fc05e35f3965a9\",\"name\":\"denmarkfelix\",\"image\":{\"@type\":\"ImageObject\",\"inLanguage\":\"da-DK\",\"@id\":\"https:\\\/\\\/secure.gravatar.com\\\/avatar\\\/5ce6f6b5a5b921e07e167daf0db9195b026559db86a8606174d985cbbcb9abb7?s=96&d=mm&r=g\",\"url\":\"https:\\\/\\\/secure.gravatar.com\\\/avatar\\\/5ce6f6b5a5b921e07e167daf0db9195b026559db86a8606174d985cbbcb9abb7?s=96&d=mm&r=g\",\"contentUrl\":\"https:\\\/\\\/secure.gravatar.com\\\/avatar\\\/5ce6f6b5a5b921e07e167daf0db9195b026559db86a8606174d985cbbcb9abb7?s=96&d=mm&r=g\",\"caption\":\"denmarkfelix\"},\"url\":\"https:\\\/\\\/www.ecovis.com\\\/denmark\\\/dk\\\/author\\\/denmarkfelix\\\/\"}]}<\/script>\n<!-- \/ Yoast SEO plugin. -->","yoast_head_json":{"title":"Nye regler for for\u00e6ldrek\u00f8b i virksomhedsordningen - Ecovis i Danmark","robots":{"index":"index","follow":"follow","max-snippet":"max-snippet:-1","max-image-preview":"max-image-preview:large","max-video-preview":"max-video-preview:-1"},"canonical":"https:\/\/www.ecovis.com\/denmark\/dk\/nye-regler-for-foraeldrekoeb-i-virksomhedsordningen\/","og_locale":"da_DK","og_type":"article","og_title":"Nye regler for for\u00e6ldrek\u00f8b i virksomhedsordningen - Ecovis i Danmark","og_description":"Den 21. december 2020 blev der vedtaget nye regler for for\u00e6ldrek\u00f8b hvor ejeren af ejendommen anvender virksomhedsordningen. De nye regler tr\u00e6der i kraft med virkning fra 1. januar 2021. Ejendomme som er omfattet af reglerne, er ejendomme som udlejes eller stilles til r\u00e5dighed som bolig for n\u00e6rtst\u00e5ende til ejeren og dennes \u00e6gtef\u00e6lle. N\u00e6rtst\u00e5ende er i [&hellip;]","og_url":"https:\/\/www.ecovis.com\/denmark\/dk\/nye-regler-for-foraeldrekoeb-i-virksomhedsordningen\/","og_site_name":"Ecovis i Danmark","article_published_time":"2021-01-12T18:19:46+00:00","article_modified_time":"2021-08-30T07:26:41+00:00","author":"denmarkfelix","twitter_card":"summary_large_image","twitter_misc":{"Skrevet af":"denmarkfelix","Estimeret l\u00e6setid":"2 minutter"},"schema":{"@context":"https:\/\/schema.org","@graph":[{"@type":"Article","@id":"https:\/\/www.ecovis.com\/denmark\/dk\/nye-regler-for-foraeldrekoeb-i-virksomhedsordningen\/#article","isPartOf":{"@id":"https:\/\/www.ecovis.com\/denmark\/dk\/nye-regler-for-foraeldrekoeb-i-virksomhedsordningen\/"},"author":{"name":"denmarkfelix","@id":"https:\/\/www.ecovis.com\/denmark\/dk\/#\/schema\/person\/9268a22000f7251631fc05e35f3965a9"},"headline":"Nye regler for for\u00e6ldrek\u00f8b i virksomhedsordningen","datePublished":"2021-01-12T18:19:46+00:00","dateModified":"2021-08-30T07:26:41+00:00","mainEntityOfPage":{"@id":"https:\/\/www.ecovis.com\/denmark\/dk\/nye-regler-for-foraeldrekoeb-i-virksomhedsordningen\/"},"wordCount":323,"articleSection":["Nyheder"],"inLanguage":"da-DK"},{"@type":"WebPage","@id":"https:\/\/www.ecovis.com\/denmark\/dk\/nye-regler-for-foraeldrekoeb-i-virksomhedsordningen\/","url":"https:\/\/www.ecovis.com\/denmark\/dk\/nye-regler-for-foraeldrekoeb-i-virksomhedsordningen\/","name":"Nye regler for for\u00e6ldrek\u00f8b i virksomhedsordningen - Ecovis i Danmark","isPartOf":{"@id":"https:\/\/www.ecovis.com\/denmark\/dk\/#website"},"datePublished":"2021-01-12T18:19:46+00:00","dateModified":"2021-08-30T07:26:41+00:00","author":{"@id":"https:\/\/www.ecovis.com\/denmark\/dk\/#\/schema\/person\/9268a22000f7251631fc05e35f3965a9"},"breadcrumb":{"@id":"https:\/\/www.ecovis.com\/denmark\/dk\/nye-regler-for-foraeldrekoeb-i-virksomhedsordningen\/#breadcrumb"},"inLanguage":"da-DK","potentialAction":[{"@type":"ReadAction","target":["https:\/\/www.ecovis.com\/denmark\/dk\/nye-regler-for-foraeldrekoeb-i-virksomhedsordningen\/"]}]},{"@type":"BreadcrumbList","@id":"https:\/\/www.ecovis.com\/denmark\/dk\/nye-regler-for-foraeldrekoeb-i-virksomhedsordningen\/#breadcrumb","itemListElement":[{"@type":"ListItem","position":1,"name":"Ecovis Global","item":"https:\/\/www.ecovis.com\/"},{"@type":"ListItem","position":2,"name":"Forside","item":"https:\/\/www.ecovis.com\/denmark\/dk\/"},{"@type":"ListItem","position":3,"name":"Nye regler for for\u00e6ldrek\u00f8b i virksomhedsordningen"}]},{"@type":"WebSite","@id":"https:\/\/www.ecovis.com\/denmark\/dk\/#website","url":"https:\/\/www.ecovis.com\/denmark\/dk\/","name":"Ecovis.com","description":"","potentialAction":[{"@type":"SearchAction","target":{"@type":"EntryPoint","urlTemplate":"https:\/\/www.ecovis.com\/denmark\/dk\/?s={search_term_string}"},"query-input":{"@type":"PropertyValueSpecification","valueRequired":true,"valueName":"search_term_string"}}],"inLanguage":"da-DK"},{"@type":"Person","@id":"https:\/\/www.ecovis.com\/denmark\/dk\/#\/schema\/person\/9268a22000f7251631fc05e35f3965a9","name":"denmarkfelix","image":{"@type":"ImageObject","inLanguage":"da-DK","@id":"https:\/\/secure.gravatar.com\/avatar\/5ce6f6b5a5b921e07e167daf0db9195b026559db86a8606174d985cbbcb9abb7?s=96&d=mm&r=g","url":"https:\/\/secure.gravatar.com\/avatar\/5ce6f6b5a5b921e07e167daf0db9195b026559db86a8606174d985cbbcb9abb7?s=96&d=mm&r=g","contentUrl":"https:\/\/secure.gravatar.com\/avatar\/5ce6f6b5a5b921e07e167daf0db9195b026559db86a8606174d985cbbcb9abb7?s=96&d=mm&r=g","caption":"denmarkfelix"},"url":"https:\/\/www.ecovis.com\/denmark\/dk\/author\/denmarkfelix\/"}]}},"featured_image_url":"","featured_image_url_large":"","_links":{"self":[{"href":"https:\/\/www.ecovis.com\/denmark\/dk\/wp-json\/wp\/v2\/posts\/2105","targetHints":{"allow":["GET"]}}],"collection":[{"href":"https:\/\/www.ecovis.com\/denmark\/dk\/wp-json\/wp\/v2\/posts"}],"about":[{"href":"https:\/\/www.ecovis.com\/denmark\/dk\/wp-json\/wp\/v2\/types\/post"}],"author":[{"embeddable":true,"href":"https:\/\/www.ecovis.com\/denmark\/dk\/wp-json\/wp\/v2\/users\/6"}],"replies":[{"embeddable":true,"href":"https:\/\/www.ecovis.com\/denmark\/dk\/wp-json\/wp\/v2\/comments?post=2105"}],"version-history":[{"count":7,"href":"https:\/\/www.ecovis.com\/denmark\/dk\/wp-json\/wp\/v2\/posts\/2105\/revisions"}],"predecessor-version":[{"id":2129,"href":"https:\/\/www.ecovis.com\/denmark\/dk\/wp-json\/wp\/v2\/posts\/2105\/revisions\/2129"}],"wp:attachment":[{"href":"https:\/\/www.ecovis.com\/denmark\/dk\/wp-json\/wp\/v2\/media?parent=2105"}],"wp:term":[{"taxonomy":"category","embeddable":true,"href":"https:\/\/www.ecovis.com\/denmark\/dk\/wp-json\/wp\/v2\/categories?post=2105"},{"taxonomy":"post_tag","embeddable":true,"href":"https:\/\/www.ecovis.com\/denmark\/dk\/wp-json\/wp\/v2\/tags?post=2105"}],"curies":[{"name":"wp","href":"https:\/\/api.w.org\/{rel}","templated":true}]}}