{"id":8101,"date":"2025-04-18T08:59:41","date_gmt":"2025-04-18T06:59:41","guid":{"rendered":"https:\/\/www.ecovis.com\/austria\/?p=8101"},"modified":"2025-09-08T13:23:44","modified_gmt":"2025-09-08T11:23:44","slug":"ab-wann-werden-mitarbeiterbeteiligungen-aus-steuerlicher-sicht-dem-mitarbeiter-zugerechnet","status":"publish","type":"post","link":"https:\/\/www.ecovis.com\/austria\/blog\/ab-wann-werden-mitarbeiterbeteiligungen-aus-steuerlicher-sicht-dem-mitarbeiter-zugerechnet\/","title":{"rendered":"Ab wann werden Mitarbeiterbeteiligungen aus steuerlicher Sicht dem Mitarbeiter zugerechnet?"},"content":{"rendered":"<p>Eine zentrale Frage bei der steuerlichen Beurteilung von \u201eechten\u201c Mitarbeiterbeteiligungsprogrammen ist, zu welchem Zeitpunkt der wirtschaftliche Eigentums\u00fcbergang stattfindet. Das BMF hat durch eine k\u00fcrzlich ergangene Anfragebeantwortung erfreulicherweise Klarheit f\u00fcr die Praxis geschaffen.<\/p>\n<p>von David Gloser und Christoph Puchner<\/p>\n<p>&nbsp;<\/p>\n<ul>\n<li><a href=\"https:\/\/www.invest-austria.com\/blog\/ab-wann-werden-mitarbeiterbeteiligungen-aus-steuerlicher-sicht-dem-mitarbeiter-zugerechnet%3F\" target=\"_blank\" rel=\"noopener\"><strong>zum Beitrag auf invest.austria<\/strong><\/a><\/li>\n<\/ul>\n","protected":false},"excerpt":{"rendered":"<p>Eine zentrale Frage bei der steuerlichen Beurteilung von \u201eechten\u201c Mitarbeiterbeteiligungsprogrammen ist, zu welchem Zeitpunkt der wirtschaftliche Eigentums\u00fcbergang stattfindet. Das BMF hat durch eine k\u00fcrzlich ergangene Anfragebeantwortung erfreulicherweise Klarheit f\u00fcr die Praxis geschaffen. von David Gloser und Christoph Puchner &nbsp; zum Beitrag auf invest.austria<\/p>\n","protected":false},"author":21,"featured_media":5348,"comment_status":"closed","ping_status":"open","sticky":false,"template":"","format":"standard","meta":{"_acf_changed":false,"footnotes":""},"categories":[33,30,59],"tags":[],"class_list":["post-8101","post","type-post","status-publish","format-standard","has-post-thumbnail","hentry","category-aktuelles","category-publikationen","category-publikationen-2025"],"acf":[],"yoast_head":"<!-- This site is optimized with the Yoast SEO Premium plugin v28.3 (Yoast SEO v28.3) - https:\/\/yoast.com\/product\/yoast-seo-premium-wordpress\/ -->\n<title>Ab wann werden Mitarbeiterbeteiligungen aus steuerlicher Sicht dem Mitarbeiter zugerechnet? | ECOVIS in \u00d6sterreich<\/title>\n<meta name=\"description\" content=\"Ab wann werden Mitarbeiterbeteiligungen aus steuerlicher Sicht dem Mitarbeiter zugerechnet: die wesentlichen Punkte im \u00dcberblick von ECOVIS Austria.\" \/>\n<meta name=\"robots\" content=\"index, follow, max-snippet:-1, max-image-preview:large, max-video-preview:-1\" \/>\n<link rel=\"canonical\" href=\"https:\/\/www.ecovis.com\/austria\/blog\/ab-wann-werden-mitarbeiterbeteiligungen-aus-steuerlicher-sicht-dem-mitarbeiter-zugerechnet\/\" \/>\n<meta property=\"og:locale\" content=\"de_DE\" \/>\n<meta property=\"og:type\" content=\"article\" \/>\n<meta property=\"og:title\" content=\"Ab wann werden Mitarbeiterbeteiligungen aus steuerlicher Sicht dem Mitarbeiter zugerechnet? | ECOVIS in \u00d6sterreich\" \/>\n<meta property=\"og:description\" content=\"Ab wann werden Mitarbeiterbeteiligungen aus steuerlicher Sicht dem Mitarbeiter zugerechnet: die wesentlichen Punkte im \u00dcberblick von ECOVIS Austria.\" \/>\n<meta property=\"og:url\" content=\"https:\/\/www.ecovis.com\/austria\/blog\/ab-wann-werden-mitarbeiterbeteiligungen-aus-steuerlicher-sicht-dem-mitarbeiter-zugerechnet\/\" \/>\n<meta property=\"og:site_name\" content=\"ECOVIS in \u00d6sterreich\" \/>\n<meta property=\"article:publisher\" content=\"https:\/\/www.facebook.com\/ecovisaustria\/\" \/>\n<meta property=\"article:published_time\" content=\"2025-04-18T06:59:41+00:00\" \/>\n<meta property=\"article:modified_time\" content=\"2025-09-08T11:23:44+00:00\" \/>\n<meta property=\"og:image\" content=\"https:\/\/www.ecovis.com\/austria\/wp-content\/uploads\/2022\/03\/pexels-pixabay-265152.jpg\" \/>\n\t<meta property=\"og:image:width\" content=\"1280\" \/>\n\t<meta property=\"og:image:height\" content=\"503\" \/>\n\t<meta property=\"og:image:type\" content=\"image\/jpeg\" \/>\n<meta name=\"author\" content=\"shackl\" \/>\n<meta name=\"twitter:card\" content=\"summary_large_image\" \/>\n<meta name=\"twitter:label1\" content=\"Verfasst von\" \/>\n\t<meta name=\"twitter:data1\" content=\"shackl\" \/>\n\t<meta name=\"twitter:label2\" content=\"Gesch\u00e4tzte Lesezeit\" \/>\n\t<meta name=\"twitter:data2\" content=\"1\u00a0Minute\" \/>\n<script type=\"application\/ld+json\" class=\"yoast-schema-graph\">{\"@context\":\"https:\\\/\\\/schema.org\",\"@graph\":[{\"@type\":\"Article\",\"@id\":\"https:\\\/\\\/www.ecovis.com\\\/austria\\\/blog\\\/ab-wann-werden-mitarbeiterbeteiligungen-aus-steuerlicher-sicht-dem-mitarbeiter-zugerechnet\\\/#article\",\"isPartOf\":{\"@id\":\"https:\\\/\\\/www.ecovis.com\\\/austria\\\/blog\\\/ab-wann-werden-mitarbeiterbeteiligungen-aus-steuerlicher-sicht-dem-mitarbeiter-zugerechnet\\\/\"},\"author\":{\"name\":\"shackl\",\"@id\":\"https:\\\/\\\/www.ecovis.com\\\/austria\\\/#\\\/schema\\\/person\\\/6df9bf03081e5b9155e14b30f7d91634\"},\"headline\":\"Ab wann werden Mitarbeiterbeteiligungen aus steuerlicher Sicht dem Mitarbeiter zugerechnet?\",\"datePublished\":\"2025-04-18T06:59:41+00:00\",\"dateModified\":\"2025-09-08T11:23:44+00:00\",\"mainEntityOfPage\":{\"@id\":\"https:\\\/\\\/www.ecovis.com\\\/austria\\\/blog\\\/ab-wann-werden-mitarbeiterbeteiligungen-aus-steuerlicher-sicht-dem-mitarbeiter-zugerechnet\\\/\"},\"wordCount\":57,\"publisher\":{\"@id\":\"https:\\\/\\\/www.ecovis.com\\\/austria\\\/#organization\"},\"image\":{\"@id\":\"https:\\\/\\\/www.ecovis.com\\\/austria\\\/blog\\\/ab-wann-werden-mitarbeiterbeteiligungen-aus-steuerlicher-sicht-dem-mitarbeiter-zugerechnet\\\/#primaryimage\"},\"thumbnailUrl\":\"https:\\\/\\\/www.ecovis.com\\\/austria\\\/wp-content\\\/uploads\\\/2022\\\/03\\\/pexels-pixabay-265152.jpg\",\"articleSection\":[\"Aktuelles\",\"Publikationen\",\"Publikationen 2025\"],\"inLanguage\":\"de\"},{\"@type\":\"WebPage\",\"@id\":\"https:\\\/\\\/www.ecovis.com\\\/austria\\\/blog\\\/ab-wann-werden-mitarbeiterbeteiligungen-aus-steuerlicher-sicht-dem-mitarbeiter-zugerechnet\\\/\",\"url\":\"https:\\\/\\\/www.ecovis.com\\\/austria\\\/blog\\\/ab-wann-werden-mitarbeiterbeteiligungen-aus-steuerlicher-sicht-dem-mitarbeiter-zugerechnet\\\/\",\"name\":\"Ab wann werden Mitarbeiterbeteiligungen aus steuerlicher Sicht dem Mitarbeiter zugerechnet? | ECOVIS in \u00d6sterreich\",\"isPartOf\":{\"@id\":\"https:\\\/\\\/www.ecovis.com\\\/austria\\\/#website\"},\"primaryImageOfPage\":{\"@id\":\"https:\\\/\\\/www.ecovis.com\\\/austria\\\/blog\\\/ab-wann-werden-mitarbeiterbeteiligungen-aus-steuerlicher-sicht-dem-mitarbeiter-zugerechnet\\\/#primaryimage\"},\"image\":{\"@id\":\"https:\\\/\\\/www.ecovis.com\\\/austria\\\/blog\\\/ab-wann-werden-mitarbeiterbeteiligungen-aus-steuerlicher-sicht-dem-mitarbeiter-zugerechnet\\\/#primaryimage\"},\"thumbnailUrl\":\"https:\\\/\\\/www.ecovis.com\\\/austria\\\/wp-content\\\/uploads\\\/2022\\\/03\\\/pexels-pixabay-265152.jpg\",\"datePublished\":\"2025-04-18T06:59:41+00:00\",\"dateModified\":\"2025-09-08T11:23:44+00:00\",\"description\":\"Ab wann werden Mitarbeiterbeteiligungen aus steuerlicher Sicht dem Mitarbeiter zugerechnet: die wesentlichen Punkte im \u00dcberblick von ECOVIS Austria.\",\"breadcrumb\":{\"@id\":\"https:\\\/\\\/www.ecovis.com\\\/austria\\\/blog\\\/ab-wann-werden-mitarbeiterbeteiligungen-aus-steuerlicher-sicht-dem-mitarbeiter-zugerechnet\\\/#breadcrumb\"},\"inLanguage\":\"de\",\"potentialAction\":[{\"@type\":\"ReadAction\",\"target\":[\"https:\\\/\\\/www.ecovis.com\\\/austria\\\/blog\\\/ab-wann-werden-mitarbeiterbeteiligungen-aus-steuerlicher-sicht-dem-mitarbeiter-zugerechnet\\\/\"]}]},{\"@type\":\"ImageObject\",\"inLanguage\":\"de\",\"@id\":\"https:\\\/\\\/www.ecovis.com\\\/austria\\\/blog\\\/ab-wann-werden-mitarbeiterbeteiligungen-aus-steuerlicher-sicht-dem-mitarbeiter-zugerechnet\\\/#primaryimage\",\"url\":\"https:\\\/\\\/www.ecovis.com\\\/austria\\\/wp-content\\\/uploads\\\/2022\\\/03\\\/pexels-pixabay-265152.jpg\",\"contentUrl\":\"https:\\\/\\\/www.ecovis.com\\\/austria\\\/wp-content\\\/uploads\\\/2022\\\/03\\\/pexels-pixabay-265152.jpg\",\"width\":1280,\"height\":503},{\"@type\":\"BreadcrumbList\",\"@id\":\"https:\\\/\\\/www.ecovis.com\\\/austria\\\/blog\\\/ab-wann-werden-mitarbeiterbeteiligungen-aus-steuerlicher-sicht-dem-mitarbeiter-zugerechnet\\\/#breadcrumb\",\"itemListElement\":[{\"@type\":\"ListItem\",\"position\":1,\"name\":\"Startseite\",\"item\":\"https:\\\/\\\/www.ecovis.com\\\/austria\\\/\"},{\"@type\":\"ListItem\",\"position\":2,\"name\":\"Ab wann werden Mitarbeiterbeteiligungen aus steuerlicher Sicht dem Mitarbeiter zugerechnet?\"}]},{\"@type\":\"WebSite\",\"@id\":\"https:\\\/\\\/www.ecovis.com\\\/austria\\\/#website\",\"url\":\"https:\\\/\\\/www.ecovis.com\\\/austria\\\/\",\"name\":\"ECOVIS Austria\",\"description\":\"\",\"publisher\":{\"@id\":\"https:\\\/\\\/www.ecovis.com\\\/austria\\\/#organization\"},\"potentialAction\":[{\"@type\":\"SearchAction\",\"target\":{\"@type\":\"EntryPoint\",\"urlTemplate\":\"https:\\\/\\\/www.ecovis.com\\\/austria\\\/?s={search_term_string}\"},\"query-input\":{\"@type\":\"PropertyValueSpecification\",\"valueRequired\":true,\"valueName\":\"search_term_string\"}}],\"inLanguage\":\"de\"},{\"@type\":\"Organization\",\"@id\":\"https:\\\/\\\/www.ecovis.com\\\/austria\\\/#organization\",\"name\":\"Ecovis Austria\",\"alternateName\":\"Ecovis Austria\",\"url\":\"https:\\\/\\\/www.ecovis.com\\\/austria\\\/\",\"logo\":{\"@type\":\"ImageObject\",\"inLanguage\":\"de\",\"@id\":\"https:\\\/\\\/www.ecovis.com\\\/austria\\\/#\\\/schema\\\/logo\\\/image\\\/\",\"url\":\"https:\\\/\\\/www.ecovis.com\\\/austria\\\/wp-content\\\/uploads\\\/2025\\\/08\\\/ECOVIS_3544x843-scaled.png\",\"contentUrl\":\"https:\\\/\\\/www.ecovis.com\\\/austria\\\/wp-content\\\/uploads\\\/2025\\\/08\\\/ECOVIS_3544x843-scaled.png\",\"width\":2560,\"height\":609,\"caption\":\"Ecovis Austria\"},\"image\":{\"@id\":\"https:\\\/\\\/www.ecovis.com\\\/austria\\\/#\\\/schema\\\/logo\\\/image\\\/\"},\"sameAs\":[\"https:\\\/\\\/www.facebook.com\\\/ecovisaustria\\\/\",\"https:\\\/\\\/www.instagram.com\\\/ecovisaustria\\\/\",\"https:\\\/\\\/at.linkedin.com\\\/company\\\/ecovisaustria\"],\"email\":\"office@ecovis.at\",\"telephone\":\"+43 (1) 59922 0\",\"legalName\":\"ECOVIS Austria Wirtschaftspr\u00fcfungs- und Steuerberatungsgesellschaft m.b.H.\",\"foundingDate\":\"1982-01-01\",\"vatID\":\"ATU44137108\",\"numberOfEmployees\":{\"@type\":\"QuantitativeValue\",\"minValue\":\"51\",\"maxValue\":\"200\"},\"ownershipFundingInfo\":\"https:\\\/\\\/www.ecovis.com\\\/austria\\\/impressum\\\/\"},{\"@type\":\"Person\",\"@id\":\"https:\\\/\\\/www.ecovis.com\\\/austria\\\/#\\\/schema\\\/person\\\/6df9bf03081e5b9155e14b30f7d91634\",\"name\":\"shackl\",\"image\":{\"@type\":\"ImageObject\",\"inLanguage\":\"de\",\"@id\":\"https:\\\/\\\/secure.gravatar.com\\\/avatar\\\/df1593f177947dfacb74d4eddd7f6409a8999f9755b0787f55c93255b52bda73?s=96&d=mm&r=g\",\"url\":\"https:\\\/\\\/secure.gravatar.com\\\/avatar\\\/df1593f177947dfacb74d4eddd7f6409a8999f9755b0787f55c93255b52bda73?s=96&d=mm&r=g\",\"contentUrl\":\"https:\\\/\\\/secure.gravatar.com\\\/avatar\\\/df1593f177947dfacb74d4eddd7f6409a8999f9755b0787f55c93255b52bda73?s=96&d=mm&r=g\",\"caption\":\"shackl\"},\"url\":\"https:\\\/\\\/www.ecovis.com\\\/austria\\\/blog\\\/author\\\/shackl\\\/\"}]}<\/script>\n<!-- \/ Yoast SEO Premium plugin. -->","yoast_head_json":{"title":"Ab wann werden Mitarbeiterbeteiligungen aus steuerlicher Sicht dem Mitarbeiter zugerechnet? | ECOVIS in \u00d6sterreich","description":"Ab wann werden Mitarbeiterbeteiligungen aus steuerlicher Sicht dem Mitarbeiter zugerechnet: die wesentlichen Punkte im \u00dcberblick von ECOVIS Austria.","robots":{"index":"index","follow":"follow","max-snippet":"max-snippet:-1","max-image-preview":"max-image-preview:large","max-video-preview":"max-video-preview:-1"},"canonical":"https:\/\/www.ecovis.com\/austria\/blog\/ab-wann-werden-mitarbeiterbeteiligungen-aus-steuerlicher-sicht-dem-mitarbeiter-zugerechnet\/","og_locale":"de_DE","og_type":"article","og_title":"Ab wann werden Mitarbeiterbeteiligungen aus steuerlicher Sicht dem Mitarbeiter zugerechnet? | ECOVIS in \u00d6sterreich","og_description":"Ab wann werden Mitarbeiterbeteiligungen aus steuerlicher Sicht dem Mitarbeiter zugerechnet: die wesentlichen Punkte im \u00dcberblick von ECOVIS Austria.","og_url":"https:\/\/www.ecovis.com\/austria\/blog\/ab-wann-werden-mitarbeiterbeteiligungen-aus-steuerlicher-sicht-dem-mitarbeiter-zugerechnet\/","og_site_name":"ECOVIS in \u00d6sterreich","article_publisher":"https:\/\/www.facebook.com\/ecovisaustria\/","article_published_time":"2025-04-18T06:59:41+00:00","article_modified_time":"2025-09-08T11:23:44+00:00","og_image":[{"width":1280,"height":503,"url":"https:\/\/www.ecovis.com\/austria\/wp-content\/uploads\/2022\/03\/pexels-pixabay-265152.jpg","type":"image\/jpeg"}],"author":"shackl","twitter_card":"summary_large_image","twitter_misc":{"Verfasst von":"shackl","Gesch\u00e4tzte Lesezeit":"1\u00a0Minute"},"schema":{"@context":"https:\/\/schema.org","@graph":[{"@type":"Article","@id":"https:\/\/www.ecovis.com\/austria\/blog\/ab-wann-werden-mitarbeiterbeteiligungen-aus-steuerlicher-sicht-dem-mitarbeiter-zugerechnet\/#article","isPartOf":{"@id":"https:\/\/www.ecovis.com\/austria\/blog\/ab-wann-werden-mitarbeiterbeteiligungen-aus-steuerlicher-sicht-dem-mitarbeiter-zugerechnet\/"},"author":{"name":"shackl","@id":"https:\/\/www.ecovis.com\/austria\/#\/schema\/person\/6df9bf03081e5b9155e14b30f7d91634"},"headline":"Ab wann werden Mitarbeiterbeteiligungen aus steuerlicher Sicht dem Mitarbeiter zugerechnet?","datePublished":"2025-04-18T06:59:41+00:00","dateModified":"2025-09-08T11:23:44+00:00","mainEntityOfPage":{"@id":"https:\/\/www.ecovis.com\/austria\/blog\/ab-wann-werden-mitarbeiterbeteiligungen-aus-steuerlicher-sicht-dem-mitarbeiter-zugerechnet\/"},"wordCount":57,"publisher":{"@id":"https:\/\/www.ecovis.com\/austria\/#organization"},"image":{"@id":"https:\/\/www.ecovis.com\/austria\/blog\/ab-wann-werden-mitarbeiterbeteiligungen-aus-steuerlicher-sicht-dem-mitarbeiter-zugerechnet\/#primaryimage"},"thumbnailUrl":"https:\/\/www.ecovis.com\/austria\/wp-content\/uploads\/2022\/03\/pexels-pixabay-265152.jpg","articleSection":["Aktuelles","Publikationen","Publikationen 2025"],"inLanguage":"de"},{"@type":"WebPage","@id":"https:\/\/www.ecovis.com\/austria\/blog\/ab-wann-werden-mitarbeiterbeteiligungen-aus-steuerlicher-sicht-dem-mitarbeiter-zugerechnet\/","url":"https:\/\/www.ecovis.com\/austria\/blog\/ab-wann-werden-mitarbeiterbeteiligungen-aus-steuerlicher-sicht-dem-mitarbeiter-zugerechnet\/","name":"Ab wann werden Mitarbeiterbeteiligungen aus steuerlicher Sicht dem Mitarbeiter zugerechnet? | ECOVIS in \u00d6sterreich","isPartOf":{"@id":"https:\/\/www.ecovis.com\/austria\/#website"},"primaryImageOfPage":{"@id":"https:\/\/www.ecovis.com\/austria\/blog\/ab-wann-werden-mitarbeiterbeteiligungen-aus-steuerlicher-sicht-dem-mitarbeiter-zugerechnet\/#primaryimage"},"image":{"@id":"https:\/\/www.ecovis.com\/austria\/blog\/ab-wann-werden-mitarbeiterbeteiligungen-aus-steuerlicher-sicht-dem-mitarbeiter-zugerechnet\/#primaryimage"},"thumbnailUrl":"https:\/\/www.ecovis.com\/austria\/wp-content\/uploads\/2022\/03\/pexels-pixabay-265152.jpg","datePublished":"2025-04-18T06:59:41+00:00","dateModified":"2025-09-08T11:23:44+00:00","description":"Ab wann werden Mitarbeiterbeteiligungen aus steuerlicher Sicht dem Mitarbeiter zugerechnet: die wesentlichen Punkte im \u00dcberblick von ECOVIS Austria.","breadcrumb":{"@id":"https:\/\/www.ecovis.com\/austria\/blog\/ab-wann-werden-mitarbeiterbeteiligungen-aus-steuerlicher-sicht-dem-mitarbeiter-zugerechnet\/#breadcrumb"},"inLanguage":"de","potentialAction":[{"@type":"ReadAction","target":["https:\/\/www.ecovis.com\/austria\/blog\/ab-wann-werden-mitarbeiterbeteiligungen-aus-steuerlicher-sicht-dem-mitarbeiter-zugerechnet\/"]}]},{"@type":"ImageObject","inLanguage":"de","@id":"https:\/\/www.ecovis.com\/austria\/blog\/ab-wann-werden-mitarbeiterbeteiligungen-aus-steuerlicher-sicht-dem-mitarbeiter-zugerechnet\/#primaryimage","url":"https:\/\/www.ecovis.com\/austria\/wp-content\/uploads\/2022\/03\/pexels-pixabay-265152.jpg","contentUrl":"https:\/\/www.ecovis.com\/austria\/wp-content\/uploads\/2022\/03\/pexels-pixabay-265152.jpg","width":1280,"height":503},{"@type":"BreadcrumbList","@id":"https:\/\/www.ecovis.com\/austria\/blog\/ab-wann-werden-mitarbeiterbeteiligungen-aus-steuerlicher-sicht-dem-mitarbeiter-zugerechnet\/#breadcrumb","itemListElement":[{"@type":"ListItem","position":1,"name":"Startseite","item":"https:\/\/www.ecovis.com\/austria\/"},{"@type":"ListItem","position":2,"name":"Ab wann werden Mitarbeiterbeteiligungen aus steuerlicher Sicht dem Mitarbeiter zugerechnet?"}]},{"@type":"WebSite","@id":"https:\/\/www.ecovis.com\/austria\/#website","url":"https:\/\/www.ecovis.com\/austria\/","name":"ECOVIS Austria","description":"","publisher":{"@id":"https:\/\/www.ecovis.com\/austria\/#organization"},"potentialAction":[{"@type":"SearchAction","target":{"@type":"EntryPoint","urlTemplate":"https:\/\/www.ecovis.com\/austria\/?s={search_term_string}"},"query-input":{"@type":"PropertyValueSpecification","valueRequired":true,"valueName":"search_term_string"}}],"inLanguage":"de"},{"@type":"Organization","@id":"https:\/\/www.ecovis.com\/austria\/#organization","name":"Ecovis Austria","alternateName":"Ecovis Austria","url":"https:\/\/www.ecovis.com\/austria\/","logo":{"@type":"ImageObject","inLanguage":"de","@id":"https:\/\/www.ecovis.com\/austria\/#\/schema\/logo\/image\/","url":"https:\/\/www.ecovis.com\/austria\/wp-content\/uploads\/2025\/08\/ECOVIS_3544x843-scaled.png","contentUrl":"https:\/\/www.ecovis.com\/austria\/wp-content\/uploads\/2025\/08\/ECOVIS_3544x843-scaled.png","width":2560,"height":609,"caption":"Ecovis Austria"},"image":{"@id":"https:\/\/www.ecovis.com\/austria\/#\/schema\/logo\/image\/"},"sameAs":["https:\/\/www.facebook.com\/ecovisaustria\/","https:\/\/www.instagram.com\/ecovisaustria\/","https:\/\/at.linkedin.com\/company\/ecovisaustria"],"email":"office@ecovis.at","telephone":"+43 (1) 59922 0","legalName":"ECOVIS Austria Wirtschaftspr\u00fcfungs- und Steuerberatungsgesellschaft m.b.H.","foundingDate":"1982-01-01","vatID":"ATU44137108","numberOfEmployees":{"@type":"QuantitativeValue","minValue":"51","maxValue":"200"},"ownershipFundingInfo":"https:\/\/www.ecovis.com\/austria\/impressum\/"},{"@type":"Person","@id":"https:\/\/www.ecovis.com\/austria\/#\/schema\/person\/6df9bf03081e5b9155e14b30f7d91634","name":"shackl","image":{"@type":"ImageObject","inLanguage":"de","@id":"https:\/\/secure.gravatar.com\/avatar\/df1593f177947dfacb74d4eddd7f6409a8999f9755b0787f55c93255b52bda73?s=96&d=mm&r=g","url":"https:\/\/secure.gravatar.com\/avatar\/df1593f177947dfacb74d4eddd7f6409a8999f9755b0787f55c93255b52bda73?s=96&d=mm&r=g","contentUrl":"https:\/\/secure.gravatar.com\/avatar\/df1593f177947dfacb74d4eddd7f6409a8999f9755b0787f55c93255b52bda73?s=96&d=mm&r=g","caption":"shackl"},"url":"https:\/\/www.ecovis.com\/austria\/blog\/author\/shackl\/"}]}},"images":{"medium":"https:\/\/www.ecovis.com\/austria\/wp-content\/uploads\/2022\/03\/pexels-pixabay-265152.jpg","large":"https:\/\/www.ecovis.com\/austria\/wp-content\/uploads\/2022\/03\/pexels-pixabay-265152.jpg"},"_links":{"self":[{"href":"https:\/\/www.ecovis.com\/austria\/wp-json\/wp\/v2\/posts\/8101","targetHints":{"allow":["GET"]}}],"collection":[{"href":"https:\/\/www.ecovis.com\/austria\/wp-json\/wp\/v2\/posts"}],"about":[{"href":"https:\/\/www.ecovis.com\/austria\/wp-json\/wp\/v2\/types\/post"}],"author":[{"embeddable":true,"href":"https:\/\/www.ecovis.com\/austria\/wp-json\/wp\/v2\/users\/21"}],"replies":[{"embeddable":true,"href":"https:\/\/www.ecovis.com\/austria\/wp-json\/wp\/v2\/comments?post=8101"}],"version-history":[{"count":2,"href":"https:\/\/www.ecovis.com\/austria\/wp-json\/wp\/v2\/posts\/8101\/revisions"}],"predecessor-version":[{"id":8508,"href":"https:\/\/www.ecovis.com\/austria\/wp-json\/wp\/v2\/posts\/8101\/revisions\/8508"}],"wp:featuredmedia":[{"embeddable":true,"href":"https:\/\/www.ecovis.com\/austria\/wp-json\/wp\/v2\/media\/5348"}],"wp:attachment":[{"href":"https:\/\/www.ecovis.com\/austria\/wp-json\/wp\/v2\/media?parent=8101"}],"wp:term":[{"taxonomy":"category","embeddable":true,"href":"https:\/\/www.ecovis.com\/austria\/wp-json\/wp\/v2\/categories?post=8101"},{"taxonomy":"post_tag","embeddable":true,"href":"https:\/\/www.ecovis.com\/austria\/wp-json\/wp\/v2\/tags?post=8101"}],"curies":[{"name":"wp","href":"https:\/\/api.w.org\/{rel}","templated":true}]}}