{"id":7329,"date":"2024-08-14T15:39:32","date_gmt":"2024-08-14T13:39:32","guid":{"rendered":"https:\/\/www.ecovis.com\/austria\/?p=7329"},"modified":"2024-10-14T16:04:55","modified_gmt":"2024-10-14T14:04:55","slug":"praxisfragen-im-zusammenhang-mit-der-neuen-startup-mitarbeiterbeteiligung-isd-%c2%a7-67a-estg","status":"publish","type":"post","link":"https:\/\/www.ecovis.com\/austria\/blog\/praxisfragen-im-zusammenhang-mit-der-neuen-startup-mitarbeiterbeteiligung-isd-%c2%a7-67a-estg\/","title":{"rendered":"Praxisfragen: Neue Startup-Mitarbeiterbeteiligung iSd \u00a7 67a EStG"},"content":{"rendered":"<p>Ab 1.1.2024 kommt es bei Inanspruchnahme der neuen Startup-Mitarbeiterbeteiligung unter gewissen Voraussetzungen zu einem Besteuerungsaufschub (da die Besteuerung erst bei einem sp\u00e4ter eintretenden Umstand, typischerweise bei der Ver\u00e4u\u00dferung der Anteile erfolgt) und ein beg\u00fcnstigtes Besteuerungsregime steht zur Verf\u00fcgung. Nachfolgend sollen gewisse ausgew\u00e4hlte Praxisfragen iZm dem neuen steuerlichen Mitarbeiterbeteiligungsregime beleuchtet werden.<\/p>\n<p>von David Gloser und Christoph Puchner<\/p>\n<p>&nbsp;<\/p>\n<ul>\n<li><a href=\"https:\/\/www.invest-austria.com\/de\/ia_blog\/praxisfragen-im-zusammenhang-mit-der-neuen-startup-mitarbeiterbeteiligung-isd-%c2%a7-67a-estg\/?mc_cid=2b65694a7f&amp;mc_eid=UNIQID\" target=\"_blank\" rel=\"noopener\"><span style=\"color: #cd1432\"><strong>zum Beitrag auf invest.austria<\/strong><\/span><\/a><\/li>\n<\/ul>\n<h3>Mehr Infos<\/h3>\n<ul>\n<li><strong>Unsere Experten\u00a0<\/strong><br \/>\n<a href=\"https:\/\/www.ecovis.com\/austria\/uber-uns\/unsere-experten\/\" rel=\"noopener\">Lernen Sie unser erfahrenes Team von Steuerexperten, Wirtschaftspr\u00fcfern und Unternehmensberatern kennen!<\/a><\/li>\n<li><strong>Aktuelle News<\/strong><br \/>\n<a href=\"https:\/\/www.ecovis.com\/austria\/news\/newsletter\/anmeldung\/\" rel=\"noopener\">Verpassen Sie keine Neuigkeiten mehr! Melden Sie sich jetzt f\u00fcr unseren Newsletter an!<\/a><\/li>\n<\/ul>\n","protected":false},"excerpt":{"rendered":"<p>Ab 1.1.2024 kommt es bei Inanspruchnahme der neuen Startup-Mitarbeiterbeteiligung unter gewissen Voraussetzungen zu einem Besteuerungsaufschub (da die Besteuerung erst bei einem sp\u00e4ter eintretenden Umstand, typischerweise bei der Ver\u00e4u\u00dferung der Anteile erfolgt) und ein beg\u00fcnstigtes Besteuerungsregime steht zur Verf\u00fcgung. Nachfolgend sollen gewisse ausgew\u00e4hlte Praxisfragen iZm dem neuen steuerlichen Mitarbeiterbeteiligungsregime beleuchtet werden. von David Gloser und Christoph [&hellip;]<\/p>\n","protected":false},"author":21,"featured_media":5704,"comment_status":"closed","ping_status":"open","sticky":false,"template":"","format":"standard","meta":{"_acf_changed":false,"footnotes":""},"categories":[33,30,56],"tags":[57],"class_list":["post-7329","post","type-post","status-publish","format-standard","has-post-thumbnail","hentry","category-aktuelles","category-publikationen","category-publikationen-2024","tag-startups"],"acf":[],"yoast_head":"<!-- This site is optimized with the Yoast SEO Premium plugin v27.4 (Yoast SEO v27.4) - https:\/\/yoast.com\/product\/yoast-seo-premium-wordpress\/ -->\n<title>Startup-Mitarbeiterbeteiligung \u00a7 67a EStG: Steuerliche Vorteile<\/title>\n<meta name=\"description\" content=\"Wie wird die neue Startup-Mitarbeiterbeteiligung nach \u00a7 67a EStG steuerlich beg\u00fcnstigt? Alles \u00fcber Besteuerungsaufschub und Praxisfragen.\" \/>\n<meta name=\"robots\" content=\"index, follow, max-snippet:-1, max-image-preview:large, max-video-preview:-1\" \/>\n<link rel=\"canonical\" href=\"https:\/\/www.ecovis.com\/austria\/blog\/praxisfragen-im-zusammenhang-mit-der-neuen-startup-mitarbeiterbeteiligung-isd-\u00a7-67a-estg\/\" \/>\n<meta property=\"og:locale\" content=\"de_DE\" \/>\n<meta property=\"og:type\" content=\"article\" \/>\n<meta property=\"og:title\" content=\"Startup-Mitarbeiterbeteiligung \u00a7 67a EStG: Steuerliche Vorteile\" \/>\n<meta property=\"og:description\" content=\"Wie wird die neue Startup-Mitarbeiterbeteiligung nach \u00a7 67a EStG steuerlich beg\u00fcnstigt? Alles \u00fcber Besteuerungsaufschub und Praxisfragen.\" \/>\n<meta property=\"og:url\" content=\"https:\/\/www.ecovis.com\/austria\/blog\/praxisfragen-im-zusammenhang-mit-der-neuen-startup-mitarbeiterbeteiligung-isd-\u00a7-67a-estg\/\" \/>\n<meta property=\"og:site_name\" content=\"ECOVIS in \u00d6sterreich\" \/>\n<meta property=\"article:publisher\" content=\"https:\/\/www.facebook.com\/ecovisaustria\/\" \/>\n<meta property=\"article:published_time\" content=\"2024-08-14T13:39:32+00:00\" \/>\n<meta property=\"article:modified_time\" content=\"2024-10-14T14:04:55+00:00\" \/>\n<meta property=\"og:image\" content=\"https:\/\/www.ecovis.com\/austria\/wp-content\/uploads\/2022\/04\/pexels-pixabay-2651522_NEU.jpg\" \/>\n\t<meta property=\"og:image:width\" content=\"1280\" \/>\n\t<meta property=\"og:image:height\" content=\"450\" \/>\n\t<meta property=\"og:image:type\" content=\"image\/jpeg\" \/>\n<meta name=\"author\" content=\"shackl\" \/>\n<meta name=\"twitter:card\" content=\"summary_large_image\" \/>\n<meta name=\"twitter:label1\" content=\"Verfasst von\" \/>\n\t<meta name=\"twitter:data1\" content=\"shackl\" \/>\n\t<meta name=\"twitter:label2\" content=\"Gesch\u00e4tzte Lesezeit\" \/>\n\t<meta name=\"twitter:data2\" content=\"1\u00a0Minute\" \/>\n<script type=\"application\/ld+json\" class=\"yoast-schema-graph\">{\"@context\":\"https:\\\/\\\/schema.org\",\"@graph\":[{\"@type\":\"Article\",\"@id\":\"https:\\\/\\\/www.ecovis.com\\\/austria\\\/blog\\\/praxisfragen-im-zusammenhang-mit-der-neuen-startup-mitarbeiterbeteiligung-isd-%c2%a7-67a-estg\\\/#article\",\"isPartOf\":{\"@id\":\"https:\\\/\\\/www.ecovis.com\\\/austria\\\/blog\\\/praxisfragen-im-zusammenhang-mit-der-neuen-startup-mitarbeiterbeteiligung-isd-%c2%a7-67a-estg\\\/\"},\"author\":{\"name\":\"shackl\",\"@id\":\"https:\\\/\\\/www.ecovis.com\\\/austria\\\/#\\\/schema\\\/person\\\/6df9bf03081e5b9155e14b30f7d91634\"},\"headline\":\"Praxisfragen: Neue Startup-Mitarbeiterbeteiligung iSd \u00a7 67a EStG\",\"datePublished\":\"2024-08-14T13:39:32+00:00\",\"dateModified\":\"2024-10-14T14:04:55+00:00\",\"mainEntityOfPage\":{\"@id\":\"https:\\\/\\\/www.ecovis.com\\\/austria\\\/blog\\\/praxisfragen-im-zusammenhang-mit-der-neuen-startup-mitarbeiterbeteiligung-isd-%c2%a7-67a-estg\\\/\"},\"wordCount\":105,\"publisher\":{\"@id\":\"https:\\\/\\\/www.ecovis.com\\\/austria\\\/#organization\"},\"image\":{\"@id\":\"https:\\\/\\\/www.ecovis.com\\\/austria\\\/blog\\\/praxisfragen-im-zusammenhang-mit-der-neuen-startup-mitarbeiterbeteiligung-isd-%c2%a7-67a-estg\\\/#primaryimage\"},\"thumbnailUrl\":\"https:\\\/\\\/www.ecovis.com\\\/austria\\\/wp-content\\\/uploads\\\/2022\\\/04\\\/pexels-pixabay-2651522_NEU.jpg\",\"keywords\":[\"Startups\"],\"articleSection\":[\"Aktuelles\",\"Publikationen\",\"Publikationen 2024\"],\"inLanguage\":\"de\"},{\"@type\":\"WebPage\",\"@id\":\"https:\\\/\\\/www.ecovis.com\\\/austria\\\/blog\\\/praxisfragen-im-zusammenhang-mit-der-neuen-startup-mitarbeiterbeteiligung-isd-%c2%a7-67a-estg\\\/\",\"url\":\"https:\\\/\\\/www.ecovis.com\\\/austria\\\/blog\\\/praxisfragen-im-zusammenhang-mit-der-neuen-startup-mitarbeiterbeteiligung-isd-%c2%a7-67a-estg\\\/\",\"name\":\"Startup-Mitarbeiterbeteiligung \u00a7 67a EStG: Steuerliche Vorteile\",\"isPartOf\":{\"@id\":\"https:\\\/\\\/www.ecovis.com\\\/austria\\\/#website\"},\"primaryImageOfPage\":{\"@id\":\"https:\\\/\\\/www.ecovis.com\\\/austria\\\/blog\\\/praxisfragen-im-zusammenhang-mit-der-neuen-startup-mitarbeiterbeteiligung-isd-%c2%a7-67a-estg\\\/#primaryimage\"},\"image\":{\"@id\":\"https:\\\/\\\/www.ecovis.com\\\/austria\\\/blog\\\/praxisfragen-im-zusammenhang-mit-der-neuen-startup-mitarbeiterbeteiligung-isd-%c2%a7-67a-estg\\\/#primaryimage\"},\"thumbnailUrl\":\"https:\\\/\\\/www.ecovis.com\\\/austria\\\/wp-content\\\/uploads\\\/2022\\\/04\\\/pexels-pixabay-2651522_NEU.jpg\",\"datePublished\":\"2024-08-14T13:39:32+00:00\",\"dateModified\":\"2024-10-14T14:04:55+00:00\",\"description\":\"Wie wird die neue Startup-Mitarbeiterbeteiligung nach \u00a7 67a EStG steuerlich beg\u00fcnstigt? Alles \u00fcber Besteuerungsaufschub und Praxisfragen.\",\"breadcrumb\":{\"@id\":\"https:\\\/\\\/www.ecovis.com\\\/austria\\\/blog\\\/praxisfragen-im-zusammenhang-mit-der-neuen-startup-mitarbeiterbeteiligung-isd-%c2%a7-67a-estg\\\/#breadcrumb\"},\"inLanguage\":\"de\",\"potentialAction\":[{\"@type\":\"ReadAction\",\"target\":[\"https:\\\/\\\/www.ecovis.com\\\/austria\\\/blog\\\/praxisfragen-im-zusammenhang-mit-der-neuen-startup-mitarbeiterbeteiligung-isd-%c2%a7-67a-estg\\\/\"]}]},{\"@type\":\"ImageObject\",\"inLanguage\":\"de\",\"@id\":\"https:\\\/\\\/www.ecovis.com\\\/austria\\\/blog\\\/praxisfragen-im-zusammenhang-mit-der-neuen-startup-mitarbeiterbeteiligung-isd-%c2%a7-67a-estg\\\/#primaryimage\",\"url\":\"https:\\\/\\\/www.ecovis.com\\\/austria\\\/wp-content\\\/uploads\\\/2022\\\/04\\\/pexels-pixabay-2651522_NEU.jpg\",\"contentUrl\":\"https:\\\/\\\/www.ecovis.com\\\/austria\\\/wp-content\\\/uploads\\\/2022\\\/04\\\/pexels-pixabay-2651522_NEU.jpg\",\"width\":1280,\"height\":450},{\"@type\":\"BreadcrumbList\",\"@id\":\"https:\\\/\\\/www.ecovis.com\\\/austria\\\/blog\\\/praxisfragen-im-zusammenhang-mit-der-neuen-startup-mitarbeiterbeteiligung-isd-%c2%a7-67a-estg\\\/#breadcrumb\",\"itemListElement\":[{\"@type\":\"ListItem\",\"position\":1,\"name\":\"Startseite\",\"item\":\"https:\\\/\\\/www.ecovis.com\\\/austria\\\/\"},{\"@type\":\"ListItem\",\"position\":2,\"name\":\"Praxisfragen: Neue Startup-Mitarbeiterbeteiligung iSd \u00a7 67a EStG\"}]},{\"@type\":\"WebSite\",\"@id\":\"https:\\\/\\\/www.ecovis.com\\\/austria\\\/#website\",\"url\":\"https:\\\/\\\/www.ecovis.com\\\/austria\\\/\",\"name\":\"ECOVIS Austria\",\"description\":\"\",\"publisher\":{\"@id\":\"https:\\\/\\\/www.ecovis.com\\\/austria\\\/#organization\"},\"potentialAction\":[{\"@type\":\"SearchAction\",\"target\":{\"@type\":\"EntryPoint\",\"urlTemplate\":\"https:\\\/\\\/www.ecovis.com\\\/austria\\\/?s={search_term_string}\"},\"query-input\":{\"@type\":\"PropertyValueSpecification\",\"valueRequired\":true,\"valueName\":\"search_term_string\"}}],\"inLanguage\":\"de\"},{\"@type\":\"Organization\",\"@id\":\"https:\\\/\\\/www.ecovis.com\\\/austria\\\/#organization\",\"name\":\"Ecovis Austria\",\"alternateName\":\"Ecovis Austria\",\"url\":\"https:\\\/\\\/www.ecovis.com\\\/austria\\\/\",\"logo\":{\"@type\":\"ImageObject\",\"inLanguage\":\"de\",\"@id\":\"https:\\\/\\\/www.ecovis.com\\\/austria\\\/#\\\/schema\\\/logo\\\/image\\\/\",\"url\":\"https:\\\/\\\/www.ecovis.com\\\/austria\\\/wp-content\\\/uploads\\\/2025\\\/08\\\/ECOVIS_3544x843-scaled.png\",\"contentUrl\":\"https:\\\/\\\/www.ecovis.com\\\/austria\\\/wp-content\\\/uploads\\\/2025\\\/08\\\/ECOVIS_3544x843-scaled.png\",\"width\":2560,\"height\":609,\"caption\":\"Ecovis Austria\"},\"image\":{\"@id\":\"https:\\\/\\\/www.ecovis.com\\\/austria\\\/#\\\/schema\\\/logo\\\/image\\\/\"},\"sameAs\":[\"https:\\\/\\\/www.facebook.com\\\/ecovisaustria\\\/\",\"https:\\\/\\\/www.instagram.com\\\/ecovisaustria\\\/\",\"https:\\\/\\\/at.linkedin.com\\\/company\\\/ecovisaustria\"],\"email\":\"office@ecovis.at\",\"telephone\":\"+43 (1) 59922 0\",\"legalName\":\"ECOVIS Austria Wirtschaftspr\u00fcfungs- und Steuerberatungsgesellschaft m.b.H.\",\"foundingDate\":\"1982-01-01\",\"vatID\":\"ATU44137108\",\"numberOfEmployees\":{\"@type\":\"QuantitativeValue\",\"minValue\":\"51\",\"maxValue\":\"200\"},\"ownershipFundingInfo\":\"https:\\\/\\\/www.ecovis.com\\\/austria\\\/impressum\\\/\"},{\"@type\":\"Person\",\"@id\":\"https:\\\/\\\/www.ecovis.com\\\/austria\\\/#\\\/schema\\\/person\\\/6df9bf03081e5b9155e14b30f7d91634\",\"name\":\"shackl\",\"image\":{\"@type\":\"ImageObject\",\"inLanguage\":\"de\",\"@id\":\"https:\\\/\\\/secure.gravatar.com\\\/avatar\\\/df1593f177947dfacb74d4eddd7f6409a8999f9755b0787f55c93255b52bda73?s=96&d=mm&r=g\",\"url\":\"https:\\\/\\\/secure.gravatar.com\\\/avatar\\\/df1593f177947dfacb74d4eddd7f6409a8999f9755b0787f55c93255b52bda73?s=96&d=mm&r=g\",\"contentUrl\":\"https:\\\/\\\/secure.gravatar.com\\\/avatar\\\/df1593f177947dfacb74d4eddd7f6409a8999f9755b0787f55c93255b52bda73?s=96&d=mm&r=g\",\"caption\":\"shackl\"},\"url\":\"https:\\\/\\\/www.ecovis.com\\\/austria\\\/blog\\\/author\\\/shackl\\\/\"}]}<\/script>\n<!-- \/ Yoast SEO Premium plugin. -->","yoast_head_json":{"title":"Startup-Mitarbeiterbeteiligung \u00a7 67a EStG: Steuerliche Vorteile","description":"Wie wird die neue Startup-Mitarbeiterbeteiligung nach \u00a7 67a EStG steuerlich beg\u00fcnstigt? Alles \u00fcber Besteuerungsaufschub und Praxisfragen.","robots":{"index":"index","follow":"follow","max-snippet":"max-snippet:-1","max-image-preview":"max-image-preview:large","max-video-preview":"max-video-preview:-1"},"canonical":"https:\/\/www.ecovis.com\/austria\/blog\/praxisfragen-im-zusammenhang-mit-der-neuen-startup-mitarbeiterbeteiligung-isd-\u00a7-67a-estg\/","og_locale":"de_DE","og_type":"article","og_title":"Startup-Mitarbeiterbeteiligung \u00a7 67a EStG: Steuerliche Vorteile","og_description":"Wie wird die neue Startup-Mitarbeiterbeteiligung nach \u00a7 67a EStG steuerlich beg\u00fcnstigt? Alles \u00fcber Besteuerungsaufschub und Praxisfragen.","og_url":"https:\/\/www.ecovis.com\/austria\/blog\/praxisfragen-im-zusammenhang-mit-der-neuen-startup-mitarbeiterbeteiligung-isd-\u00a7-67a-estg\/","og_site_name":"ECOVIS in \u00d6sterreich","article_publisher":"https:\/\/www.facebook.com\/ecovisaustria\/","article_published_time":"2024-08-14T13:39:32+00:00","article_modified_time":"2024-10-14T14:04:55+00:00","og_image":[{"width":1280,"height":450,"url":"https:\/\/www.ecovis.com\/austria\/wp-content\/uploads\/2022\/04\/pexels-pixabay-2651522_NEU.jpg","type":"image\/jpeg"}],"author":"shackl","twitter_card":"summary_large_image","twitter_misc":{"Verfasst von":"shackl","Gesch\u00e4tzte Lesezeit":"1\u00a0Minute"},"schema":{"@context":"https:\/\/schema.org","@graph":[{"@type":"Article","@id":"https:\/\/www.ecovis.com\/austria\/blog\/praxisfragen-im-zusammenhang-mit-der-neuen-startup-mitarbeiterbeteiligung-isd-%c2%a7-67a-estg\/#article","isPartOf":{"@id":"https:\/\/www.ecovis.com\/austria\/blog\/praxisfragen-im-zusammenhang-mit-der-neuen-startup-mitarbeiterbeteiligung-isd-%c2%a7-67a-estg\/"},"author":{"name":"shackl","@id":"https:\/\/www.ecovis.com\/austria\/#\/schema\/person\/6df9bf03081e5b9155e14b30f7d91634"},"headline":"Praxisfragen: Neue Startup-Mitarbeiterbeteiligung iSd \u00a7 67a EStG","datePublished":"2024-08-14T13:39:32+00:00","dateModified":"2024-10-14T14:04:55+00:00","mainEntityOfPage":{"@id":"https:\/\/www.ecovis.com\/austria\/blog\/praxisfragen-im-zusammenhang-mit-der-neuen-startup-mitarbeiterbeteiligung-isd-%c2%a7-67a-estg\/"},"wordCount":105,"publisher":{"@id":"https:\/\/www.ecovis.com\/austria\/#organization"},"image":{"@id":"https:\/\/www.ecovis.com\/austria\/blog\/praxisfragen-im-zusammenhang-mit-der-neuen-startup-mitarbeiterbeteiligung-isd-%c2%a7-67a-estg\/#primaryimage"},"thumbnailUrl":"https:\/\/www.ecovis.com\/austria\/wp-content\/uploads\/2022\/04\/pexels-pixabay-2651522_NEU.jpg","keywords":["Startups"],"articleSection":["Aktuelles","Publikationen","Publikationen 2024"],"inLanguage":"de"},{"@type":"WebPage","@id":"https:\/\/www.ecovis.com\/austria\/blog\/praxisfragen-im-zusammenhang-mit-der-neuen-startup-mitarbeiterbeteiligung-isd-%c2%a7-67a-estg\/","url":"https:\/\/www.ecovis.com\/austria\/blog\/praxisfragen-im-zusammenhang-mit-der-neuen-startup-mitarbeiterbeteiligung-isd-%c2%a7-67a-estg\/","name":"Startup-Mitarbeiterbeteiligung \u00a7 67a EStG: Steuerliche Vorteile","isPartOf":{"@id":"https:\/\/www.ecovis.com\/austria\/#website"},"primaryImageOfPage":{"@id":"https:\/\/www.ecovis.com\/austria\/blog\/praxisfragen-im-zusammenhang-mit-der-neuen-startup-mitarbeiterbeteiligung-isd-%c2%a7-67a-estg\/#primaryimage"},"image":{"@id":"https:\/\/www.ecovis.com\/austria\/blog\/praxisfragen-im-zusammenhang-mit-der-neuen-startup-mitarbeiterbeteiligung-isd-%c2%a7-67a-estg\/#primaryimage"},"thumbnailUrl":"https:\/\/www.ecovis.com\/austria\/wp-content\/uploads\/2022\/04\/pexels-pixabay-2651522_NEU.jpg","datePublished":"2024-08-14T13:39:32+00:00","dateModified":"2024-10-14T14:04:55+00:00","description":"Wie wird die neue Startup-Mitarbeiterbeteiligung nach \u00a7 67a EStG steuerlich beg\u00fcnstigt? Alles \u00fcber Besteuerungsaufschub und Praxisfragen.","breadcrumb":{"@id":"https:\/\/www.ecovis.com\/austria\/blog\/praxisfragen-im-zusammenhang-mit-der-neuen-startup-mitarbeiterbeteiligung-isd-%c2%a7-67a-estg\/#breadcrumb"},"inLanguage":"de","potentialAction":[{"@type":"ReadAction","target":["https:\/\/www.ecovis.com\/austria\/blog\/praxisfragen-im-zusammenhang-mit-der-neuen-startup-mitarbeiterbeteiligung-isd-%c2%a7-67a-estg\/"]}]},{"@type":"ImageObject","inLanguage":"de","@id":"https:\/\/www.ecovis.com\/austria\/blog\/praxisfragen-im-zusammenhang-mit-der-neuen-startup-mitarbeiterbeteiligung-isd-%c2%a7-67a-estg\/#primaryimage","url":"https:\/\/www.ecovis.com\/austria\/wp-content\/uploads\/2022\/04\/pexels-pixabay-2651522_NEU.jpg","contentUrl":"https:\/\/www.ecovis.com\/austria\/wp-content\/uploads\/2022\/04\/pexels-pixabay-2651522_NEU.jpg","width":1280,"height":450},{"@type":"BreadcrumbList","@id":"https:\/\/www.ecovis.com\/austria\/blog\/praxisfragen-im-zusammenhang-mit-der-neuen-startup-mitarbeiterbeteiligung-isd-%c2%a7-67a-estg\/#breadcrumb","itemListElement":[{"@type":"ListItem","position":1,"name":"Startseite","item":"https:\/\/www.ecovis.com\/austria\/"},{"@type":"ListItem","position":2,"name":"Praxisfragen: Neue Startup-Mitarbeiterbeteiligung iSd \u00a7 67a EStG"}]},{"@type":"WebSite","@id":"https:\/\/www.ecovis.com\/austria\/#website","url":"https:\/\/www.ecovis.com\/austria\/","name":"ECOVIS Austria","description":"","publisher":{"@id":"https:\/\/www.ecovis.com\/austria\/#organization"},"potentialAction":[{"@type":"SearchAction","target":{"@type":"EntryPoint","urlTemplate":"https:\/\/www.ecovis.com\/austria\/?s={search_term_string}"},"query-input":{"@type":"PropertyValueSpecification","valueRequired":true,"valueName":"search_term_string"}}],"inLanguage":"de"},{"@type":"Organization","@id":"https:\/\/www.ecovis.com\/austria\/#organization","name":"Ecovis Austria","alternateName":"Ecovis Austria","url":"https:\/\/www.ecovis.com\/austria\/","logo":{"@type":"ImageObject","inLanguage":"de","@id":"https:\/\/www.ecovis.com\/austria\/#\/schema\/logo\/image\/","url":"https:\/\/www.ecovis.com\/austria\/wp-content\/uploads\/2025\/08\/ECOVIS_3544x843-scaled.png","contentUrl":"https:\/\/www.ecovis.com\/austria\/wp-content\/uploads\/2025\/08\/ECOVIS_3544x843-scaled.png","width":2560,"height":609,"caption":"Ecovis Austria"},"image":{"@id":"https:\/\/www.ecovis.com\/austria\/#\/schema\/logo\/image\/"},"sameAs":["https:\/\/www.facebook.com\/ecovisaustria\/","https:\/\/www.instagram.com\/ecovisaustria\/","https:\/\/at.linkedin.com\/company\/ecovisaustria"],"email":"office@ecovis.at","telephone":"+43 (1) 59922 0","legalName":"ECOVIS Austria Wirtschaftspr\u00fcfungs- und Steuerberatungsgesellschaft m.b.H.","foundingDate":"1982-01-01","vatID":"ATU44137108","numberOfEmployees":{"@type":"QuantitativeValue","minValue":"51","maxValue":"200"},"ownershipFundingInfo":"https:\/\/www.ecovis.com\/austria\/impressum\/"},{"@type":"Person","@id":"https:\/\/www.ecovis.com\/austria\/#\/schema\/person\/6df9bf03081e5b9155e14b30f7d91634","name":"shackl","image":{"@type":"ImageObject","inLanguage":"de","@id":"https:\/\/secure.gravatar.com\/avatar\/df1593f177947dfacb74d4eddd7f6409a8999f9755b0787f55c93255b52bda73?s=96&d=mm&r=g","url":"https:\/\/secure.gravatar.com\/avatar\/df1593f177947dfacb74d4eddd7f6409a8999f9755b0787f55c93255b52bda73?s=96&d=mm&r=g","contentUrl":"https:\/\/secure.gravatar.com\/avatar\/df1593f177947dfacb74d4eddd7f6409a8999f9755b0787f55c93255b52bda73?s=96&d=mm&r=g","caption":"shackl"},"url":"https:\/\/www.ecovis.com\/austria\/blog\/author\/shackl\/"}]}},"images":{"medium":"https:\/\/www.ecovis.com\/austria\/wp-content\/uploads\/2022\/04\/pexels-pixabay-2651522_NEU.jpg","large":"https:\/\/www.ecovis.com\/austria\/wp-content\/uploads\/2022\/04\/pexels-pixabay-2651522_NEU.jpg"},"_links":{"self":[{"href":"https:\/\/www.ecovis.com\/austria\/wp-json\/wp\/v2\/posts\/7329","targetHints":{"allow":["GET"]}}],"collection":[{"href":"https:\/\/www.ecovis.com\/austria\/wp-json\/wp\/v2\/posts"}],"about":[{"href":"https:\/\/www.ecovis.com\/austria\/wp-json\/wp\/v2\/types\/post"}],"author":[{"embeddable":true,"href":"https:\/\/www.ecovis.com\/austria\/wp-json\/wp\/v2\/users\/21"}],"replies":[{"embeddable":true,"href":"https:\/\/www.ecovis.com\/austria\/wp-json\/wp\/v2\/comments?post=7329"}],"version-history":[{"count":6,"href":"https:\/\/www.ecovis.com\/austria\/wp-json\/wp\/v2\/posts\/7329\/revisions"}],"predecessor-version":[{"id":7586,"href":"https:\/\/www.ecovis.com\/austria\/wp-json\/wp\/v2\/posts\/7329\/revisions\/7586"}],"wp:featuredmedia":[{"embeddable":true,"href":"https:\/\/www.ecovis.com\/austria\/wp-json\/wp\/v2\/media\/5704"}],"wp:attachment":[{"href":"https:\/\/www.ecovis.com\/austria\/wp-json\/wp\/v2\/media?parent=7329"}],"wp:term":[{"taxonomy":"category","embeddable":true,"href":"https:\/\/www.ecovis.com\/austria\/wp-json\/wp\/v2\/categories?post=7329"},{"taxonomy":"post_tag","embeddable":true,"href":"https:\/\/www.ecovis.com\/austria\/wp-json\/wp\/v2\/tags?post=7329"}],"curies":[{"name":"wp","href":"https:\/\/api.w.org\/{rel}","templated":true}]}}