{"id":6673,"date":"2023-11-23T12:01:00","date_gmt":"2023-11-23T11:01:00","guid":{"rendered":"https:\/\/www.ecovis.com\/austria\/?p=6673"},"modified":"2023-11-24T12:03:54","modified_gmt":"2023-11-24T11:03:54","slug":"energiekostenzuschuss-ii-veroeffentlichung-der-finalen-richtlinie-und-aktualisierung-der-faqs","status":"publish","type":"post","link":"https:\/\/www.ecovis.com\/austria\/blog\/energiekostenzuschuss-ii-veroeffentlichung-der-finalen-richtlinie-und-aktualisierung-der-faqs\/","title":{"rendered":"Energiekostenzuschuss II \u2013 Ver\u00f6ffentlichung der finalen Richtlinie und  Aktualisierung der FAQs"},"content":{"rendered":"<p>Das aws hat am 20.11.2023 die finale F\u00f6rderrichtlinie, nach beihilfenrechtlicher Genehmigung durch die EU-Kommission und durch nationales Einvernehmen durch die inhaltlich zust\u00e4ndigen Ministerien ver\u00f6ffentlicht. Au\u00dferdem wurde ein Update des Entwurfs der FAQs zum Energiekostenzuschuss II ver\u00f6ffentlicht.<\/p>\n<p><strong>1. <\/strong><strong>Ablauf der F\u00f6rderung im Sinne der FAQs<\/strong><strong><br \/>\n2. Wichtige Aspekte iZm der Antragstellung<\/strong><\/p>\n<p><a href=\"https:\/\/www.ecovis.com\/austria\/wp-content\/uploads\/2023\/11\/Newsletter-Energiekostenzuschuss-II-\u2013-Veroeffentlichung-der-finalen-Richtlinie.pdf\" target=\"_blank\" rel=\"noopener\"><span style=\"color: #cd1432\"><strong>Newsletter &#8211; Energiekostenzuschuss II \u2013 Ver\u00f6ffentlichung der finalen Richtlinie und Aktualisierung der FAQs<\/strong><\/span><\/a><\/p>\n","protected":false},"excerpt":{"rendered":"<p>Das aws hat am 20.11.2023 die finale F\u00f6rderrichtlinie, nach beihilfenrechtlicher Genehmigung durch die EU-Kommission und durch nationales Einvernehmen durch die inhaltlich zust\u00e4ndigen Ministerien ver\u00f6ffentlicht. Au\u00dferdem wurde ein Update des Entwurfs der FAQs zum Energiekostenzuschuss II ver\u00f6ffentlicht. 1. Ablauf der F\u00f6rderung im Sinne der FAQs 2. Wichtige Aspekte iZm der Antragstellung Newsletter &#8211; Energiekostenzuschuss II \u2013 [&hellip;]<\/p>\n","protected":false},"author":21,"featured_media":5710,"comment_status":"closed","ping_status":"open","sticky":false,"template":"","format":"standard","meta":{"_acf_changed":false,"footnotes":""},"categories":[33,34,53],"tags":[],"class_list":["post-6673","post","type-post","status-publish","format-standard","has-post-thumbnail","hentry","category-aktuelles","category-newsletter","category-newsletter-2023"],"acf":[],"yoast_head":"<!-- This site is optimized with the Yoast SEO Premium plugin v28.3 (Yoast SEO v28.3) - https:\/\/yoast.com\/product\/yoast-seo-premium-wordpress\/ -->\n<title>Energiekostenzuschuss II \u2013 Ver\u00f6ffentlichung der finalen Richtlinie und Aktualisierung der FAQs | ECOVIS in \u00d6sterreich<\/title>\n<meta name=\"description\" content=\"Das aws hat am 20.11.2023 die finale F\u00f6rderrichtlinie. Was das f\u00fcr Unternehmen bedeutet, erkl\u00e4ren die Steuerberater von ECOVIS Austria.\" \/>\n<meta name=\"robots\" content=\"index, follow, max-snippet:-1, max-image-preview:large, max-video-preview:-1\" \/>\n<link rel=\"canonical\" href=\"https:\/\/www.ecovis.com\/austria\/blog\/energiekostenzuschuss-ii-veroeffentlichung-der-finalen-richtlinie-und-aktualisierung-der-faqs\/\" \/>\n<meta property=\"og:locale\" content=\"de_DE\" \/>\n<meta property=\"og:type\" content=\"article\" \/>\n<meta property=\"og:title\" content=\"Energiekostenzuschuss II \u2013 Ver\u00f6ffentlichung der finalen Richtlinie und Aktualisierung der FAQs | ECOVIS in \u00d6sterreich\" \/>\n<meta property=\"og:description\" content=\"Das aws hat am 20.11.2023 die finale F\u00f6rderrichtlinie. Was das f\u00fcr Unternehmen bedeutet, erkl\u00e4ren die Steuerberater von ECOVIS Austria.\" \/>\n<meta property=\"og:url\" content=\"https:\/\/www.ecovis.com\/austria\/blog\/energiekostenzuschuss-ii-veroeffentlichung-der-finalen-richtlinie-und-aktualisierung-der-faqs\/\" \/>\n<meta property=\"og:site_name\" content=\"ECOVIS in \u00d6sterreich\" \/>\n<meta property=\"article:publisher\" content=\"https:\/\/www.facebook.com\/ecovisaustria\/\" \/>\n<meta property=\"article:published_time\" content=\"2023-11-23T11:01:00+00:00\" \/>\n<meta property=\"article:modified_time\" content=\"2023-11-24T11:03:54+00:00\" \/>\n<meta property=\"og:image\" content=\"https:\/\/www.ecovis.com\/austria\/wp-content\/uploads\/2022\/04\/man-g6d1384faa_1280-1_NEU.jpg\" \/>\n\t<meta property=\"og:image:width\" content=\"1280\" \/>\n\t<meta property=\"og:image:height\" content=\"450\" \/>\n\t<meta property=\"og:image:type\" content=\"image\/jpeg\" \/>\n<meta name=\"author\" content=\"shackl\" \/>\n<meta name=\"twitter:card\" content=\"summary_large_image\" \/>\n<meta name=\"twitter:label1\" content=\"Verfasst von\" \/>\n\t<meta name=\"twitter:data1\" content=\"shackl\" \/>\n\t<meta name=\"twitter:label2\" content=\"Gesch\u00e4tzte Lesezeit\" \/>\n\t<meta name=\"twitter:data2\" content=\"1\u00a0Minute\" \/>\n<script type=\"application\/ld+json\" class=\"yoast-schema-graph\">{\"@context\":\"https:\\\/\\\/schema.org\",\"@graph\":[{\"@type\":\"Article\",\"@id\":\"https:\\\/\\\/www.ecovis.com\\\/austria\\\/blog\\\/energiekostenzuschuss-ii-veroeffentlichung-der-finalen-richtlinie-und-aktualisierung-der-faqs\\\/#article\",\"isPartOf\":{\"@id\":\"https:\\\/\\\/www.ecovis.com\\\/austria\\\/blog\\\/energiekostenzuschuss-ii-veroeffentlichung-der-finalen-richtlinie-und-aktualisierung-der-faqs\\\/\"},\"author\":{\"name\":\"shackl\",\"@id\":\"https:\\\/\\\/www.ecovis.com\\\/austria\\\/#\\\/schema\\\/person\\\/6df9bf03081e5b9155e14b30f7d91634\"},\"headline\":\"Energiekostenzuschuss II \u2013 Ver\u00f6ffentlichung der finalen Richtlinie und Aktualisierung der FAQs\",\"datePublished\":\"2023-11-23T11:01:00+00:00\",\"dateModified\":\"2023-11-24T11:03:54+00:00\",\"mainEntityOfPage\":{\"@id\":\"https:\\\/\\\/www.ecovis.com\\\/austria\\\/blog\\\/energiekostenzuschuss-ii-veroeffentlichung-der-finalen-richtlinie-und-aktualisierung-der-faqs\\\/\"},\"wordCount\":77,\"publisher\":{\"@id\":\"https:\\\/\\\/www.ecovis.com\\\/austria\\\/#organization\"},\"image\":{\"@id\":\"https:\\\/\\\/www.ecovis.com\\\/austria\\\/blog\\\/energiekostenzuschuss-ii-veroeffentlichung-der-finalen-richtlinie-und-aktualisierung-der-faqs\\\/#primaryimage\"},\"thumbnailUrl\":\"https:\\\/\\\/www.ecovis.com\\\/austria\\\/wp-content\\\/uploads\\\/2022\\\/04\\\/man-g6d1384faa_1280-1_NEU.jpg\",\"articleSection\":[\"Aktuelles\",\"Newsletter\",\"Newsletter 2023\"],\"inLanguage\":\"de\"},{\"@type\":\"WebPage\",\"@id\":\"https:\\\/\\\/www.ecovis.com\\\/austria\\\/blog\\\/energiekostenzuschuss-ii-veroeffentlichung-der-finalen-richtlinie-und-aktualisierung-der-faqs\\\/\",\"url\":\"https:\\\/\\\/www.ecovis.com\\\/austria\\\/blog\\\/energiekostenzuschuss-ii-veroeffentlichung-der-finalen-richtlinie-und-aktualisierung-der-faqs\\\/\",\"name\":\"Energiekostenzuschuss II \u2013 Ver\u00f6ffentlichung der finalen Richtlinie und Aktualisierung der FAQs | ECOVIS in \u00d6sterreich\",\"isPartOf\":{\"@id\":\"https:\\\/\\\/www.ecovis.com\\\/austria\\\/#website\"},\"primaryImageOfPage\":{\"@id\":\"https:\\\/\\\/www.ecovis.com\\\/austria\\\/blog\\\/energiekostenzuschuss-ii-veroeffentlichung-der-finalen-richtlinie-und-aktualisierung-der-faqs\\\/#primaryimage\"},\"image\":{\"@id\":\"https:\\\/\\\/www.ecovis.com\\\/austria\\\/blog\\\/energiekostenzuschuss-ii-veroeffentlichung-der-finalen-richtlinie-und-aktualisierung-der-faqs\\\/#primaryimage\"},\"thumbnailUrl\":\"https:\\\/\\\/www.ecovis.com\\\/austria\\\/wp-content\\\/uploads\\\/2022\\\/04\\\/man-g6d1384faa_1280-1_NEU.jpg\",\"datePublished\":\"2023-11-23T11:01:00+00:00\",\"dateModified\":\"2023-11-24T11:03:54+00:00\",\"description\":\"Das aws hat am 20.11.2023 die finale F\u00f6rderrichtlinie. Was das f\u00fcr Unternehmen bedeutet, erkl\u00e4ren die Steuerberater von ECOVIS Austria.\",\"breadcrumb\":{\"@id\":\"https:\\\/\\\/www.ecovis.com\\\/austria\\\/blog\\\/energiekostenzuschuss-ii-veroeffentlichung-der-finalen-richtlinie-und-aktualisierung-der-faqs\\\/#breadcrumb\"},\"inLanguage\":\"de\",\"potentialAction\":[{\"@type\":\"ReadAction\",\"target\":[\"https:\\\/\\\/www.ecovis.com\\\/austria\\\/blog\\\/energiekostenzuschuss-ii-veroeffentlichung-der-finalen-richtlinie-und-aktualisierung-der-faqs\\\/\"]}]},{\"@type\":\"ImageObject\",\"inLanguage\":\"de\",\"@id\":\"https:\\\/\\\/www.ecovis.com\\\/austria\\\/blog\\\/energiekostenzuschuss-ii-veroeffentlichung-der-finalen-richtlinie-und-aktualisierung-der-faqs\\\/#primaryimage\",\"url\":\"https:\\\/\\\/www.ecovis.com\\\/austria\\\/wp-content\\\/uploads\\\/2022\\\/04\\\/man-g6d1384faa_1280-1_NEU.jpg\",\"contentUrl\":\"https:\\\/\\\/www.ecovis.com\\\/austria\\\/wp-content\\\/uploads\\\/2022\\\/04\\\/man-g6d1384faa_1280-1_NEU.jpg\",\"width\":1280,\"height\":450},{\"@type\":\"BreadcrumbList\",\"@id\":\"https:\\\/\\\/www.ecovis.com\\\/austria\\\/blog\\\/energiekostenzuschuss-ii-veroeffentlichung-der-finalen-richtlinie-und-aktualisierung-der-faqs\\\/#breadcrumb\",\"itemListElement\":[{\"@type\":\"ListItem\",\"position\":1,\"name\":\"Startseite\",\"item\":\"https:\\\/\\\/www.ecovis.com\\\/austria\\\/\"},{\"@type\":\"ListItem\",\"position\":2,\"name\":\"Energiekostenzuschuss II \u2013 Ver\u00f6ffentlichung der finalen Richtlinie und Aktualisierung der FAQs\"}]},{\"@type\":\"WebSite\",\"@id\":\"https:\\\/\\\/www.ecovis.com\\\/austria\\\/#website\",\"url\":\"https:\\\/\\\/www.ecovis.com\\\/austria\\\/\",\"name\":\"ECOVIS Austria\",\"description\":\"\",\"publisher\":{\"@id\":\"https:\\\/\\\/www.ecovis.com\\\/austria\\\/#organization\"},\"potentialAction\":[{\"@type\":\"SearchAction\",\"target\":{\"@type\":\"EntryPoint\",\"urlTemplate\":\"https:\\\/\\\/www.ecovis.com\\\/austria\\\/?s={search_term_string}\"},\"query-input\":{\"@type\":\"PropertyValueSpecification\",\"valueRequired\":true,\"valueName\":\"search_term_string\"}}],\"inLanguage\":\"de\"},{\"@type\":\"Organization\",\"@id\":\"https:\\\/\\\/www.ecovis.com\\\/austria\\\/#organization\",\"name\":\"Ecovis Austria\",\"alternateName\":\"Ecovis Austria\",\"url\":\"https:\\\/\\\/www.ecovis.com\\\/austria\\\/\",\"logo\":{\"@type\":\"ImageObject\",\"inLanguage\":\"de\",\"@id\":\"https:\\\/\\\/www.ecovis.com\\\/austria\\\/#\\\/schema\\\/logo\\\/image\\\/\",\"url\":\"https:\\\/\\\/www.ecovis.com\\\/austria\\\/wp-content\\\/uploads\\\/2025\\\/08\\\/ECOVIS_3544x843-scaled.png\",\"contentUrl\":\"https:\\\/\\\/www.ecovis.com\\\/austria\\\/wp-content\\\/uploads\\\/2025\\\/08\\\/ECOVIS_3544x843-scaled.png\",\"width\":2560,\"height\":609,\"caption\":\"Ecovis Austria\"},\"image\":{\"@id\":\"https:\\\/\\\/www.ecovis.com\\\/austria\\\/#\\\/schema\\\/logo\\\/image\\\/\"},\"sameAs\":[\"https:\\\/\\\/www.facebook.com\\\/ecovisaustria\\\/\",\"https:\\\/\\\/www.instagram.com\\\/ecovisaustria\\\/\",\"https:\\\/\\\/at.linkedin.com\\\/company\\\/ecovisaustria\"],\"email\":\"office@ecovis.at\",\"telephone\":\"+43 (1) 59922 0\",\"legalName\":\"ECOVIS Austria Wirtschaftspr\u00fcfungs- und Steuerberatungsgesellschaft m.b.H.\",\"foundingDate\":\"1982-01-01\",\"vatID\":\"ATU44137108\",\"numberOfEmployees\":{\"@type\":\"QuantitativeValue\",\"minValue\":\"51\",\"maxValue\":\"200\"},\"ownershipFundingInfo\":\"https:\\\/\\\/www.ecovis.com\\\/austria\\\/impressum\\\/\"},{\"@type\":\"Person\",\"@id\":\"https:\\\/\\\/www.ecovis.com\\\/austria\\\/#\\\/schema\\\/person\\\/6df9bf03081e5b9155e14b30f7d91634\",\"name\":\"shackl\",\"image\":{\"@type\":\"ImageObject\",\"inLanguage\":\"de\",\"@id\":\"https:\\\/\\\/secure.gravatar.com\\\/avatar\\\/df1593f177947dfacb74d4eddd7f6409a8999f9755b0787f55c93255b52bda73?s=96&d=mm&r=g\",\"url\":\"https:\\\/\\\/secure.gravatar.com\\\/avatar\\\/df1593f177947dfacb74d4eddd7f6409a8999f9755b0787f55c93255b52bda73?s=96&d=mm&r=g\",\"contentUrl\":\"https:\\\/\\\/secure.gravatar.com\\\/avatar\\\/df1593f177947dfacb74d4eddd7f6409a8999f9755b0787f55c93255b52bda73?s=96&d=mm&r=g\",\"caption\":\"shackl\"},\"url\":\"https:\\\/\\\/www.ecovis.com\\\/austria\\\/blog\\\/author\\\/shackl\\\/\"}]}<\/script>\n<!-- \/ Yoast SEO Premium plugin. -->","yoast_head_json":{"title":"Energiekostenzuschuss II \u2013 Ver\u00f6ffentlichung der finalen Richtlinie und Aktualisierung der FAQs | ECOVIS in \u00d6sterreich","description":"Das aws hat am 20.11.2023 die finale F\u00f6rderrichtlinie. Was das f\u00fcr Unternehmen bedeutet, erkl\u00e4ren die Steuerberater von ECOVIS Austria.","robots":{"index":"index","follow":"follow","max-snippet":"max-snippet:-1","max-image-preview":"max-image-preview:large","max-video-preview":"max-video-preview:-1"},"canonical":"https:\/\/www.ecovis.com\/austria\/blog\/energiekostenzuschuss-ii-veroeffentlichung-der-finalen-richtlinie-und-aktualisierung-der-faqs\/","og_locale":"de_DE","og_type":"article","og_title":"Energiekostenzuschuss II \u2013 Ver\u00f6ffentlichung der finalen Richtlinie und Aktualisierung der FAQs | ECOVIS in \u00d6sterreich","og_description":"Das aws hat am 20.11.2023 die finale F\u00f6rderrichtlinie. Was das f\u00fcr Unternehmen bedeutet, erkl\u00e4ren die Steuerberater von ECOVIS Austria.","og_url":"https:\/\/www.ecovis.com\/austria\/blog\/energiekostenzuschuss-ii-veroeffentlichung-der-finalen-richtlinie-und-aktualisierung-der-faqs\/","og_site_name":"ECOVIS in \u00d6sterreich","article_publisher":"https:\/\/www.facebook.com\/ecovisaustria\/","article_published_time":"2023-11-23T11:01:00+00:00","article_modified_time":"2023-11-24T11:03:54+00:00","og_image":[{"width":1280,"height":450,"url":"https:\/\/www.ecovis.com\/austria\/wp-content\/uploads\/2022\/04\/man-g6d1384faa_1280-1_NEU.jpg","type":"image\/jpeg"}],"author":"shackl","twitter_card":"summary_large_image","twitter_misc":{"Verfasst von":"shackl","Gesch\u00e4tzte Lesezeit":"1\u00a0Minute"},"schema":{"@context":"https:\/\/schema.org","@graph":[{"@type":"Article","@id":"https:\/\/www.ecovis.com\/austria\/blog\/energiekostenzuschuss-ii-veroeffentlichung-der-finalen-richtlinie-und-aktualisierung-der-faqs\/#article","isPartOf":{"@id":"https:\/\/www.ecovis.com\/austria\/blog\/energiekostenzuschuss-ii-veroeffentlichung-der-finalen-richtlinie-und-aktualisierung-der-faqs\/"},"author":{"name":"shackl","@id":"https:\/\/www.ecovis.com\/austria\/#\/schema\/person\/6df9bf03081e5b9155e14b30f7d91634"},"headline":"Energiekostenzuschuss II \u2013 Ver\u00f6ffentlichung der finalen Richtlinie und Aktualisierung der FAQs","datePublished":"2023-11-23T11:01:00+00:00","dateModified":"2023-11-24T11:03:54+00:00","mainEntityOfPage":{"@id":"https:\/\/www.ecovis.com\/austria\/blog\/energiekostenzuschuss-ii-veroeffentlichung-der-finalen-richtlinie-und-aktualisierung-der-faqs\/"},"wordCount":77,"publisher":{"@id":"https:\/\/www.ecovis.com\/austria\/#organization"},"image":{"@id":"https:\/\/www.ecovis.com\/austria\/blog\/energiekostenzuschuss-ii-veroeffentlichung-der-finalen-richtlinie-und-aktualisierung-der-faqs\/#primaryimage"},"thumbnailUrl":"https:\/\/www.ecovis.com\/austria\/wp-content\/uploads\/2022\/04\/man-g6d1384faa_1280-1_NEU.jpg","articleSection":["Aktuelles","Newsletter","Newsletter 2023"],"inLanguage":"de"},{"@type":"WebPage","@id":"https:\/\/www.ecovis.com\/austria\/blog\/energiekostenzuschuss-ii-veroeffentlichung-der-finalen-richtlinie-und-aktualisierung-der-faqs\/","url":"https:\/\/www.ecovis.com\/austria\/blog\/energiekostenzuschuss-ii-veroeffentlichung-der-finalen-richtlinie-und-aktualisierung-der-faqs\/","name":"Energiekostenzuschuss II \u2013 Ver\u00f6ffentlichung der finalen Richtlinie und Aktualisierung der FAQs | ECOVIS in \u00d6sterreich","isPartOf":{"@id":"https:\/\/www.ecovis.com\/austria\/#website"},"primaryImageOfPage":{"@id":"https:\/\/www.ecovis.com\/austria\/blog\/energiekostenzuschuss-ii-veroeffentlichung-der-finalen-richtlinie-und-aktualisierung-der-faqs\/#primaryimage"},"image":{"@id":"https:\/\/www.ecovis.com\/austria\/blog\/energiekostenzuschuss-ii-veroeffentlichung-der-finalen-richtlinie-und-aktualisierung-der-faqs\/#primaryimage"},"thumbnailUrl":"https:\/\/www.ecovis.com\/austria\/wp-content\/uploads\/2022\/04\/man-g6d1384faa_1280-1_NEU.jpg","datePublished":"2023-11-23T11:01:00+00:00","dateModified":"2023-11-24T11:03:54+00:00","description":"Das aws hat am 20.11.2023 die finale F\u00f6rderrichtlinie. Was das f\u00fcr Unternehmen bedeutet, erkl\u00e4ren die Steuerberater von ECOVIS Austria.","breadcrumb":{"@id":"https:\/\/www.ecovis.com\/austria\/blog\/energiekostenzuschuss-ii-veroeffentlichung-der-finalen-richtlinie-und-aktualisierung-der-faqs\/#breadcrumb"},"inLanguage":"de","potentialAction":[{"@type":"ReadAction","target":["https:\/\/www.ecovis.com\/austria\/blog\/energiekostenzuschuss-ii-veroeffentlichung-der-finalen-richtlinie-und-aktualisierung-der-faqs\/"]}]},{"@type":"ImageObject","inLanguage":"de","@id":"https:\/\/www.ecovis.com\/austria\/blog\/energiekostenzuschuss-ii-veroeffentlichung-der-finalen-richtlinie-und-aktualisierung-der-faqs\/#primaryimage","url":"https:\/\/www.ecovis.com\/austria\/wp-content\/uploads\/2022\/04\/man-g6d1384faa_1280-1_NEU.jpg","contentUrl":"https:\/\/www.ecovis.com\/austria\/wp-content\/uploads\/2022\/04\/man-g6d1384faa_1280-1_NEU.jpg","width":1280,"height":450},{"@type":"BreadcrumbList","@id":"https:\/\/www.ecovis.com\/austria\/blog\/energiekostenzuschuss-ii-veroeffentlichung-der-finalen-richtlinie-und-aktualisierung-der-faqs\/#breadcrumb","itemListElement":[{"@type":"ListItem","position":1,"name":"Startseite","item":"https:\/\/www.ecovis.com\/austria\/"},{"@type":"ListItem","position":2,"name":"Energiekostenzuschuss II \u2013 Ver\u00f6ffentlichung der finalen Richtlinie und Aktualisierung der FAQs"}]},{"@type":"WebSite","@id":"https:\/\/www.ecovis.com\/austria\/#website","url":"https:\/\/www.ecovis.com\/austria\/","name":"ECOVIS Austria","description":"","publisher":{"@id":"https:\/\/www.ecovis.com\/austria\/#organization"},"potentialAction":[{"@type":"SearchAction","target":{"@type":"EntryPoint","urlTemplate":"https:\/\/www.ecovis.com\/austria\/?s={search_term_string}"},"query-input":{"@type":"PropertyValueSpecification","valueRequired":true,"valueName":"search_term_string"}}],"inLanguage":"de"},{"@type":"Organization","@id":"https:\/\/www.ecovis.com\/austria\/#organization","name":"Ecovis Austria","alternateName":"Ecovis Austria","url":"https:\/\/www.ecovis.com\/austria\/","logo":{"@type":"ImageObject","inLanguage":"de","@id":"https:\/\/www.ecovis.com\/austria\/#\/schema\/logo\/image\/","url":"https:\/\/www.ecovis.com\/austria\/wp-content\/uploads\/2025\/08\/ECOVIS_3544x843-scaled.png","contentUrl":"https:\/\/www.ecovis.com\/austria\/wp-content\/uploads\/2025\/08\/ECOVIS_3544x843-scaled.png","width":2560,"height":609,"caption":"Ecovis Austria"},"image":{"@id":"https:\/\/www.ecovis.com\/austria\/#\/schema\/logo\/image\/"},"sameAs":["https:\/\/www.facebook.com\/ecovisaustria\/","https:\/\/www.instagram.com\/ecovisaustria\/","https:\/\/at.linkedin.com\/company\/ecovisaustria"],"email":"office@ecovis.at","telephone":"+43 (1) 59922 0","legalName":"ECOVIS Austria Wirtschaftspr\u00fcfungs- und Steuerberatungsgesellschaft m.b.H.","foundingDate":"1982-01-01","vatID":"ATU44137108","numberOfEmployees":{"@type":"QuantitativeValue","minValue":"51","maxValue":"200"},"ownershipFundingInfo":"https:\/\/www.ecovis.com\/austria\/impressum\/"},{"@type":"Person","@id":"https:\/\/www.ecovis.com\/austria\/#\/schema\/person\/6df9bf03081e5b9155e14b30f7d91634","name":"shackl","image":{"@type":"ImageObject","inLanguage":"de","@id":"https:\/\/secure.gravatar.com\/avatar\/df1593f177947dfacb74d4eddd7f6409a8999f9755b0787f55c93255b52bda73?s=96&d=mm&r=g","url":"https:\/\/secure.gravatar.com\/avatar\/df1593f177947dfacb74d4eddd7f6409a8999f9755b0787f55c93255b52bda73?s=96&d=mm&r=g","contentUrl":"https:\/\/secure.gravatar.com\/avatar\/df1593f177947dfacb74d4eddd7f6409a8999f9755b0787f55c93255b52bda73?s=96&d=mm&r=g","caption":"shackl"},"url":"https:\/\/www.ecovis.com\/austria\/blog\/author\/shackl\/"}]}},"images":{"medium":"https:\/\/www.ecovis.com\/austria\/wp-content\/uploads\/2022\/04\/man-g6d1384faa_1280-1_NEU.jpg","large":"https:\/\/www.ecovis.com\/austria\/wp-content\/uploads\/2022\/04\/man-g6d1384faa_1280-1_NEU.jpg"},"_links":{"self":[{"href":"https:\/\/www.ecovis.com\/austria\/wp-json\/wp\/v2\/posts\/6673","targetHints":{"allow":["GET"]}}],"collection":[{"href":"https:\/\/www.ecovis.com\/austria\/wp-json\/wp\/v2\/posts"}],"about":[{"href":"https:\/\/www.ecovis.com\/austria\/wp-json\/wp\/v2\/types\/post"}],"author":[{"embeddable":true,"href":"https:\/\/www.ecovis.com\/austria\/wp-json\/wp\/v2\/users\/21"}],"replies":[{"embeddable":true,"href":"https:\/\/www.ecovis.com\/austria\/wp-json\/wp\/v2\/comments?post=6673"}],"version-history":[{"count":1,"href":"https:\/\/www.ecovis.com\/austria\/wp-json\/wp\/v2\/posts\/6673\/revisions"}],"predecessor-version":[{"id":6675,"href":"https:\/\/www.ecovis.com\/austria\/wp-json\/wp\/v2\/posts\/6673\/revisions\/6675"}],"wp:featuredmedia":[{"embeddable":true,"href":"https:\/\/www.ecovis.com\/austria\/wp-json\/wp\/v2\/media\/5710"}],"wp:attachment":[{"href":"https:\/\/www.ecovis.com\/austria\/wp-json\/wp\/v2\/media?parent=6673"}],"wp:term":[{"taxonomy":"category","embeddable":true,"href":"https:\/\/www.ecovis.com\/austria\/wp-json\/wp\/v2\/categories?post=6673"},{"taxonomy":"post_tag","embeddable":true,"href":"https:\/\/www.ecovis.com\/austria\/wp-json\/wp\/v2\/tags?post=6673"}],"curies":[{"name":"wp","href":"https:\/\/api.w.org\/{rel}","templated":true}]}}