{"id":5416,"date":"2021-02-23T10:40:54","date_gmt":"2021-02-23T09:40:54","guid":{"rendered":"https:\/\/www.ecovis.com\/austria\/?p=5416"},"modified":"2022-03-25T10:42:55","modified_gmt":"2022-03-25T09:42:55","slug":"covid-19-investitionspraemie-frist-zur-antragstellung-laeuft-diese-woche-aus","status":"publish","type":"post","link":"https:\/\/www.ecovis.com\/austria\/blog\/covid-19-investitionspraemie-frist-zur-antragstellung-laeuft-diese-woche-aus\/","title":{"rendered":"COVID-19-Investitionspr\u00e4mie: Frist zur Antragstellung l\u00e4uft diese Woche aus"},"content":{"rendered":"<p><span class=\"s1\">Die Investitionspr\u00e4mie, die unternehmerische Investitionen in materielles und immaterielles abnutzbares Anlageverm\u00f6gen attraktiveren soll, muss bis sp\u00e4testens 28.2.2021 beantragt werden. Wird der bis dahin nicht gestellt, kann generell keine F\u00f6rderung erfolgen.<\/span><\/p>\n<p>von Christoph Puchner und Katharina Gewe\u00dfler<\/p>\n<p>&nbsp;<\/p>\n<p><a href=\"https:\/\/www.trendingtopics.eu\/covid-19-investitionspraemie-frist-zur-antragstellung-laeuft-diese-woche-aus\/\" target=\"_blank\" rel=\"noopener\">zum Beitrag auf trendingtopics.eu<\/a><\/p>\n","protected":false},"excerpt":{"rendered":"<p>Die Investitionspr\u00e4mie, die unternehmerische Investitionen in materielles und immaterielles abnutzbares Anlageverm\u00f6gen attraktiveren soll, muss bis sp\u00e4testens 28.2.2021 beantragt werden. Wird der bis dahin nicht gestellt, kann generell keine F\u00f6rderung erfolgen. von Christoph Puchner und Katharina Gewe\u00dfler &nbsp; zum Beitrag auf trendingtopics.eu<\/p>\n","protected":false},"author":21,"featured_media":5350,"comment_status":"closed","ping_status":"open","sticky":false,"template":"","format":"standard","meta":{"_acf_changed":false,"footnotes":""},"categories":[33,30,46],"tags":[],"class_list":["post-5416","post","type-post","status-publish","format-standard","has-post-thumbnail","hentry","category-aktuelles","category-publikationen","category-publikationen-2021"],"acf":[],"yoast_head":"<!-- This site is optimized with the Yoast SEO Premium plugin v28.3 (Yoast SEO v28.3) - https:\/\/yoast.com\/product\/yoast-seo-premium-wordpress\/ -->\n<title>COVID-19-Investitionspr\u00e4mie: Frist zur Antragstellung l\u00e4uft diese Woche aus | ECOVIS in \u00d6sterreich<\/title>\n<meta name=\"description\" content=\"COVID-19-Investitionspr\u00e4mie: Frist zur Antragstellung l\u00e4uft diese Woche aus: Was das konkret bedeutet und worauf Unternehmen jetzt achten sollten.\" \/>\n<meta name=\"robots\" content=\"index, follow, max-snippet:-1, max-image-preview:large, max-video-preview:-1\" \/>\n<link rel=\"canonical\" href=\"https:\/\/www.ecovis.com\/austria\/blog\/covid-19-investitionspraemie-frist-zur-antragstellung-laeuft-diese-woche-aus\/\" \/>\n<meta property=\"og:locale\" content=\"de_DE\" \/>\n<meta property=\"og:type\" content=\"article\" \/>\n<meta property=\"og:title\" content=\"COVID-19-Investitionspr\u00e4mie: Frist zur Antragstellung l\u00e4uft diese Woche aus | ECOVIS in \u00d6sterreich\" \/>\n<meta property=\"og:description\" content=\"COVID-19-Investitionspr\u00e4mie: Frist zur Antragstellung l\u00e4uft diese Woche aus: Was das konkret bedeutet und worauf Unternehmen jetzt achten sollten.\" \/>\n<meta property=\"og:url\" content=\"https:\/\/www.ecovis.com\/austria\/blog\/covid-19-investitionspraemie-frist-zur-antragstellung-laeuft-diese-woche-aus\/\" \/>\n<meta property=\"og:site_name\" content=\"ECOVIS in \u00d6sterreich\" \/>\n<meta property=\"article:publisher\" content=\"https:\/\/www.facebook.com\/ecovisaustria\/\" \/>\n<meta property=\"article:published_time\" content=\"2021-02-23T09:40:54+00:00\" \/>\n<meta property=\"article:modified_time\" content=\"2022-03-25T09:42:55+00:00\" \/>\n<meta property=\"og:image\" content=\"https:\/\/www.ecovis.com\/austria\/wp-content\/uploads\/2022\/03\/pexels-fauxels-318446411.jpg\" \/>\n\t<meta property=\"og:image:width\" content=\"1280\" \/>\n\t<meta property=\"og:image:height\" content=\"505\" \/>\n\t<meta property=\"og:image:type\" content=\"image\/jpeg\" \/>\n<meta name=\"author\" content=\"shackl\" \/>\n<meta name=\"twitter:card\" content=\"summary_large_image\" \/>\n<meta name=\"twitter:label1\" content=\"Verfasst von\" \/>\n\t<meta name=\"twitter:data1\" content=\"shackl\" \/>\n<script type=\"application\/ld+json\" class=\"yoast-schema-graph\">{\"@context\":\"https:\\\/\\\/schema.org\",\"@graph\":[{\"@type\":\"Article\",\"@id\":\"https:\\\/\\\/www.ecovis.com\\\/austria\\\/blog\\\/covid-19-investitionspraemie-frist-zur-antragstellung-laeuft-diese-woche-aus\\\/#article\",\"isPartOf\":{\"@id\":\"https:\\\/\\\/www.ecovis.com\\\/austria\\\/blog\\\/covid-19-investitionspraemie-frist-zur-antragstellung-laeuft-diese-woche-aus\\\/\"},\"author\":{\"name\":\"shackl\",\"@id\":\"https:\\\/\\\/www.ecovis.com\\\/austria\\\/#\\\/schema\\\/person\\\/6df9bf03081e5b9155e14b30f7d91634\"},\"headline\":\"COVID-19-Investitionspr\u00e4mie: Frist zur Antragstellung l\u00e4uft diese Woche aus\",\"datePublished\":\"2021-02-23T09:40:54+00:00\",\"dateModified\":\"2022-03-25T09:42:55+00:00\",\"mainEntityOfPage\":{\"@id\":\"https:\\\/\\\/www.ecovis.com\\\/austria\\\/blog\\\/covid-19-investitionspraemie-frist-zur-antragstellung-laeuft-diese-woche-aus\\\/\"},\"wordCount\":57,\"publisher\":{\"@id\":\"https:\\\/\\\/www.ecovis.com\\\/austria\\\/#organization\"},\"image\":{\"@id\":\"https:\\\/\\\/www.ecovis.com\\\/austria\\\/blog\\\/covid-19-investitionspraemie-frist-zur-antragstellung-laeuft-diese-woche-aus\\\/#primaryimage\"},\"thumbnailUrl\":\"https:\\\/\\\/www.ecovis.com\\\/austria\\\/wp-content\\\/uploads\\\/2022\\\/03\\\/pexels-fauxels-318446411.jpg\",\"articleSection\":[\"Aktuelles\",\"Publikationen\",\"Publikationen 2021\"],\"inLanguage\":\"de\"},{\"@type\":\"WebPage\",\"@id\":\"https:\\\/\\\/www.ecovis.com\\\/austria\\\/blog\\\/covid-19-investitionspraemie-frist-zur-antragstellung-laeuft-diese-woche-aus\\\/\",\"url\":\"https:\\\/\\\/www.ecovis.com\\\/austria\\\/blog\\\/covid-19-investitionspraemie-frist-zur-antragstellung-laeuft-diese-woche-aus\\\/\",\"name\":\"COVID-19-Investitionspr\u00e4mie: Frist zur Antragstellung l\u00e4uft diese Woche aus | ECOVIS in \u00d6sterreich\",\"isPartOf\":{\"@id\":\"https:\\\/\\\/www.ecovis.com\\\/austria\\\/#website\"},\"primaryImageOfPage\":{\"@id\":\"https:\\\/\\\/www.ecovis.com\\\/austria\\\/blog\\\/covid-19-investitionspraemie-frist-zur-antragstellung-laeuft-diese-woche-aus\\\/#primaryimage\"},\"image\":{\"@id\":\"https:\\\/\\\/www.ecovis.com\\\/austria\\\/blog\\\/covid-19-investitionspraemie-frist-zur-antragstellung-laeuft-diese-woche-aus\\\/#primaryimage\"},\"thumbnailUrl\":\"https:\\\/\\\/www.ecovis.com\\\/austria\\\/wp-content\\\/uploads\\\/2022\\\/03\\\/pexels-fauxels-318446411.jpg\",\"datePublished\":\"2021-02-23T09:40:54+00:00\",\"dateModified\":\"2022-03-25T09:42:55+00:00\",\"description\":\"COVID-19-Investitionspr\u00e4mie: Frist zur Antragstellung l\u00e4uft diese Woche aus: Was das konkret bedeutet und worauf Unternehmen jetzt achten sollten.\",\"breadcrumb\":{\"@id\":\"https:\\\/\\\/www.ecovis.com\\\/austria\\\/blog\\\/covid-19-investitionspraemie-frist-zur-antragstellung-laeuft-diese-woche-aus\\\/#breadcrumb\"},\"inLanguage\":\"de\",\"potentialAction\":[{\"@type\":\"ReadAction\",\"target\":[\"https:\\\/\\\/www.ecovis.com\\\/austria\\\/blog\\\/covid-19-investitionspraemie-frist-zur-antragstellung-laeuft-diese-woche-aus\\\/\"]}]},{\"@type\":\"ImageObject\",\"inLanguage\":\"de\",\"@id\":\"https:\\\/\\\/www.ecovis.com\\\/austria\\\/blog\\\/covid-19-investitionspraemie-frist-zur-antragstellung-laeuft-diese-woche-aus\\\/#primaryimage\",\"url\":\"https:\\\/\\\/www.ecovis.com\\\/austria\\\/wp-content\\\/uploads\\\/2022\\\/03\\\/pexels-fauxels-318446411.jpg\",\"contentUrl\":\"https:\\\/\\\/www.ecovis.com\\\/austria\\\/wp-content\\\/uploads\\\/2022\\\/03\\\/pexels-fauxels-318446411.jpg\",\"width\":1280,\"height\":505},{\"@type\":\"BreadcrumbList\",\"@id\":\"https:\\\/\\\/www.ecovis.com\\\/austria\\\/blog\\\/covid-19-investitionspraemie-frist-zur-antragstellung-laeuft-diese-woche-aus\\\/#breadcrumb\",\"itemListElement\":[{\"@type\":\"ListItem\",\"position\":1,\"name\":\"Startseite\",\"item\":\"https:\\\/\\\/www.ecovis.com\\\/austria\\\/\"},{\"@type\":\"ListItem\",\"position\":2,\"name\":\"COVID-19-Investitionspr\u00e4mie: Frist zur Antragstellung l\u00e4uft diese Woche aus\"}]},{\"@type\":\"WebSite\",\"@id\":\"https:\\\/\\\/www.ecovis.com\\\/austria\\\/#website\",\"url\":\"https:\\\/\\\/www.ecovis.com\\\/austria\\\/\",\"name\":\"ECOVIS Austria\",\"description\":\"\",\"publisher\":{\"@id\":\"https:\\\/\\\/www.ecovis.com\\\/austria\\\/#organization\"},\"potentialAction\":[{\"@type\":\"SearchAction\",\"target\":{\"@type\":\"EntryPoint\",\"urlTemplate\":\"https:\\\/\\\/www.ecovis.com\\\/austria\\\/?s={search_term_string}\"},\"query-input\":{\"@type\":\"PropertyValueSpecification\",\"valueRequired\":true,\"valueName\":\"search_term_string\"}}],\"inLanguage\":\"de\"},{\"@type\":\"Organization\",\"@id\":\"https:\\\/\\\/www.ecovis.com\\\/austria\\\/#organization\",\"name\":\"Ecovis Austria\",\"alternateName\":\"Ecovis Austria\",\"url\":\"https:\\\/\\\/www.ecovis.com\\\/austria\\\/\",\"logo\":{\"@type\":\"ImageObject\",\"inLanguage\":\"de\",\"@id\":\"https:\\\/\\\/www.ecovis.com\\\/austria\\\/#\\\/schema\\\/logo\\\/image\\\/\",\"url\":\"https:\\\/\\\/www.ecovis.com\\\/austria\\\/wp-content\\\/uploads\\\/2025\\\/08\\\/ECOVIS_3544x843-scaled.png\",\"contentUrl\":\"https:\\\/\\\/www.ecovis.com\\\/austria\\\/wp-content\\\/uploads\\\/2025\\\/08\\\/ECOVIS_3544x843-scaled.png\",\"width\":2560,\"height\":609,\"caption\":\"Ecovis Austria\"},\"image\":{\"@id\":\"https:\\\/\\\/www.ecovis.com\\\/austria\\\/#\\\/schema\\\/logo\\\/image\\\/\"},\"sameAs\":[\"https:\\\/\\\/www.facebook.com\\\/ecovisaustria\\\/\",\"https:\\\/\\\/www.instagram.com\\\/ecovisaustria\\\/\",\"https:\\\/\\\/at.linkedin.com\\\/company\\\/ecovisaustria\"],\"email\":\"office@ecovis.at\",\"telephone\":\"+43 (1) 59922 0\",\"legalName\":\"ECOVIS Austria Wirtschaftspr\u00fcfungs- und Steuerberatungsgesellschaft m.b.H.\",\"foundingDate\":\"1982-01-01\",\"vatID\":\"ATU44137108\",\"numberOfEmployees\":{\"@type\":\"QuantitativeValue\",\"minValue\":\"51\",\"maxValue\":\"200\"},\"ownershipFundingInfo\":\"https:\\\/\\\/www.ecovis.com\\\/austria\\\/impressum\\\/\"},{\"@type\":\"Person\",\"@id\":\"https:\\\/\\\/www.ecovis.com\\\/austria\\\/#\\\/schema\\\/person\\\/6df9bf03081e5b9155e14b30f7d91634\",\"name\":\"shackl\",\"image\":{\"@type\":\"ImageObject\",\"inLanguage\":\"de\",\"@id\":\"https:\\\/\\\/secure.gravatar.com\\\/avatar\\\/df1593f177947dfacb74d4eddd7f6409a8999f9755b0787f55c93255b52bda73?s=96&d=mm&r=g\",\"url\":\"https:\\\/\\\/secure.gravatar.com\\\/avatar\\\/df1593f177947dfacb74d4eddd7f6409a8999f9755b0787f55c93255b52bda73?s=96&d=mm&r=g\",\"contentUrl\":\"https:\\\/\\\/secure.gravatar.com\\\/avatar\\\/df1593f177947dfacb74d4eddd7f6409a8999f9755b0787f55c93255b52bda73?s=96&d=mm&r=g\",\"caption\":\"shackl\"},\"url\":\"https:\\\/\\\/www.ecovis.com\\\/austria\\\/blog\\\/author\\\/shackl\\\/\"}]}<\/script>\n<!-- \/ Yoast SEO Premium plugin. -->","yoast_head_json":{"title":"COVID-19-Investitionspr\u00e4mie: Frist zur Antragstellung l\u00e4uft diese Woche aus | ECOVIS in \u00d6sterreich","description":"COVID-19-Investitionspr\u00e4mie: Frist zur Antragstellung l\u00e4uft diese Woche aus: Was das konkret bedeutet und worauf Unternehmen jetzt achten sollten.","robots":{"index":"index","follow":"follow","max-snippet":"max-snippet:-1","max-image-preview":"max-image-preview:large","max-video-preview":"max-video-preview:-1"},"canonical":"https:\/\/www.ecovis.com\/austria\/blog\/covid-19-investitionspraemie-frist-zur-antragstellung-laeuft-diese-woche-aus\/","og_locale":"de_DE","og_type":"article","og_title":"COVID-19-Investitionspr\u00e4mie: Frist zur Antragstellung l\u00e4uft diese Woche aus | ECOVIS in \u00d6sterreich","og_description":"COVID-19-Investitionspr\u00e4mie: Frist zur Antragstellung l\u00e4uft diese Woche aus: Was das konkret bedeutet und worauf Unternehmen jetzt achten sollten.","og_url":"https:\/\/www.ecovis.com\/austria\/blog\/covid-19-investitionspraemie-frist-zur-antragstellung-laeuft-diese-woche-aus\/","og_site_name":"ECOVIS in \u00d6sterreich","article_publisher":"https:\/\/www.facebook.com\/ecovisaustria\/","article_published_time":"2021-02-23T09:40:54+00:00","article_modified_time":"2022-03-25T09:42:55+00:00","og_image":[{"width":1280,"height":505,"url":"https:\/\/www.ecovis.com\/austria\/wp-content\/uploads\/2022\/03\/pexels-fauxels-318446411.jpg","type":"image\/jpeg"}],"author":"shackl","twitter_card":"summary_large_image","twitter_misc":{"Verfasst von":"shackl"},"schema":{"@context":"https:\/\/schema.org","@graph":[{"@type":"Article","@id":"https:\/\/www.ecovis.com\/austria\/blog\/covid-19-investitionspraemie-frist-zur-antragstellung-laeuft-diese-woche-aus\/#article","isPartOf":{"@id":"https:\/\/www.ecovis.com\/austria\/blog\/covid-19-investitionspraemie-frist-zur-antragstellung-laeuft-diese-woche-aus\/"},"author":{"name":"shackl","@id":"https:\/\/www.ecovis.com\/austria\/#\/schema\/person\/6df9bf03081e5b9155e14b30f7d91634"},"headline":"COVID-19-Investitionspr\u00e4mie: Frist zur Antragstellung l\u00e4uft diese Woche aus","datePublished":"2021-02-23T09:40:54+00:00","dateModified":"2022-03-25T09:42:55+00:00","mainEntityOfPage":{"@id":"https:\/\/www.ecovis.com\/austria\/blog\/covid-19-investitionspraemie-frist-zur-antragstellung-laeuft-diese-woche-aus\/"},"wordCount":57,"publisher":{"@id":"https:\/\/www.ecovis.com\/austria\/#organization"},"image":{"@id":"https:\/\/www.ecovis.com\/austria\/blog\/covid-19-investitionspraemie-frist-zur-antragstellung-laeuft-diese-woche-aus\/#primaryimage"},"thumbnailUrl":"https:\/\/www.ecovis.com\/austria\/wp-content\/uploads\/2022\/03\/pexels-fauxels-318446411.jpg","articleSection":["Aktuelles","Publikationen","Publikationen 2021"],"inLanguage":"de"},{"@type":"WebPage","@id":"https:\/\/www.ecovis.com\/austria\/blog\/covid-19-investitionspraemie-frist-zur-antragstellung-laeuft-diese-woche-aus\/","url":"https:\/\/www.ecovis.com\/austria\/blog\/covid-19-investitionspraemie-frist-zur-antragstellung-laeuft-diese-woche-aus\/","name":"COVID-19-Investitionspr\u00e4mie: Frist zur Antragstellung l\u00e4uft diese Woche aus | ECOVIS in \u00d6sterreich","isPartOf":{"@id":"https:\/\/www.ecovis.com\/austria\/#website"},"primaryImageOfPage":{"@id":"https:\/\/www.ecovis.com\/austria\/blog\/covid-19-investitionspraemie-frist-zur-antragstellung-laeuft-diese-woche-aus\/#primaryimage"},"image":{"@id":"https:\/\/www.ecovis.com\/austria\/blog\/covid-19-investitionspraemie-frist-zur-antragstellung-laeuft-diese-woche-aus\/#primaryimage"},"thumbnailUrl":"https:\/\/www.ecovis.com\/austria\/wp-content\/uploads\/2022\/03\/pexels-fauxels-318446411.jpg","datePublished":"2021-02-23T09:40:54+00:00","dateModified":"2022-03-25T09:42:55+00:00","description":"COVID-19-Investitionspr\u00e4mie: Frist zur Antragstellung l\u00e4uft diese Woche aus: Was das konkret bedeutet und worauf Unternehmen jetzt achten sollten.","breadcrumb":{"@id":"https:\/\/www.ecovis.com\/austria\/blog\/covid-19-investitionspraemie-frist-zur-antragstellung-laeuft-diese-woche-aus\/#breadcrumb"},"inLanguage":"de","potentialAction":[{"@type":"ReadAction","target":["https:\/\/www.ecovis.com\/austria\/blog\/covid-19-investitionspraemie-frist-zur-antragstellung-laeuft-diese-woche-aus\/"]}]},{"@type":"ImageObject","inLanguage":"de","@id":"https:\/\/www.ecovis.com\/austria\/blog\/covid-19-investitionspraemie-frist-zur-antragstellung-laeuft-diese-woche-aus\/#primaryimage","url":"https:\/\/www.ecovis.com\/austria\/wp-content\/uploads\/2022\/03\/pexels-fauxels-318446411.jpg","contentUrl":"https:\/\/www.ecovis.com\/austria\/wp-content\/uploads\/2022\/03\/pexels-fauxels-318446411.jpg","width":1280,"height":505},{"@type":"BreadcrumbList","@id":"https:\/\/www.ecovis.com\/austria\/blog\/covid-19-investitionspraemie-frist-zur-antragstellung-laeuft-diese-woche-aus\/#breadcrumb","itemListElement":[{"@type":"ListItem","position":1,"name":"Startseite","item":"https:\/\/www.ecovis.com\/austria\/"},{"@type":"ListItem","position":2,"name":"COVID-19-Investitionspr\u00e4mie: Frist zur Antragstellung l\u00e4uft diese Woche aus"}]},{"@type":"WebSite","@id":"https:\/\/www.ecovis.com\/austria\/#website","url":"https:\/\/www.ecovis.com\/austria\/","name":"ECOVIS Austria","description":"","publisher":{"@id":"https:\/\/www.ecovis.com\/austria\/#organization"},"potentialAction":[{"@type":"SearchAction","target":{"@type":"EntryPoint","urlTemplate":"https:\/\/www.ecovis.com\/austria\/?s={search_term_string}"},"query-input":{"@type":"PropertyValueSpecification","valueRequired":true,"valueName":"search_term_string"}}],"inLanguage":"de"},{"@type":"Organization","@id":"https:\/\/www.ecovis.com\/austria\/#organization","name":"Ecovis Austria","alternateName":"Ecovis Austria","url":"https:\/\/www.ecovis.com\/austria\/","logo":{"@type":"ImageObject","inLanguage":"de","@id":"https:\/\/www.ecovis.com\/austria\/#\/schema\/logo\/image\/","url":"https:\/\/www.ecovis.com\/austria\/wp-content\/uploads\/2025\/08\/ECOVIS_3544x843-scaled.png","contentUrl":"https:\/\/www.ecovis.com\/austria\/wp-content\/uploads\/2025\/08\/ECOVIS_3544x843-scaled.png","width":2560,"height":609,"caption":"Ecovis Austria"},"image":{"@id":"https:\/\/www.ecovis.com\/austria\/#\/schema\/logo\/image\/"},"sameAs":["https:\/\/www.facebook.com\/ecovisaustria\/","https:\/\/www.instagram.com\/ecovisaustria\/","https:\/\/at.linkedin.com\/company\/ecovisaustria"],"email":"office@ecovis.at","telephone":"+43 (1) 59922 0","legalName":"ECOVIS Austria Wirtschaftspr\u00fcfungs- und Steuerberatungsgesellschaft m.b.H.","foundingDate":"1982-01-01","vatID":"ATU44137108","numberOfEmployees":{"@type":"QuantitativeValue","minValue":"51","maxValue":"200"},"ownershipFundingInfo":"https:\/\/www.ecovis.com\/austria\/impressum\/"},{"@type":"Person","@id":"https:\/\/www.ecovis.com\/austria\/#\/schema\/person\/6df9bf03081e5b9155e14b30f7d91634","name":"shackl","image":{"@type":"ImageObject","inLanguage":"de","@id":"https:\/\/secure.gravatar.com\/avatar\/df1593f177947dfacb74d4eddd7f6409a8999f9755b0787f55c93255b52bda73?s=96&d=mm&r=g","url":"https:\/\/secure.gravatar.com\/avatar\/df1593f177947dfacb74d4eddd7f6409a8999f9755b0787f55c93255b52bda73?s=96&d=mm&r=g","contentUrl":"https:\/\/secure.gravatar.com\/avatar\/df1593f177947dfacb74d4eddd7f6409a8999f9755b0787f55c93255b52bda73?s=96&d=mm&r=g","caption":"shackl"},"url":"https:\/\/www.ecovis.com\/austria\/blog\/author\/shackl\/"}]}},"images":{"medium":"https:\/\/www.ecovis.com\/austria\/wp-content\/uploads\/2022\/03\/pexels-fauxels-318446411.jpg","large":"https:\/\/www.ecovis.com\/austria\/wp-content\/uploads\/2022\/03\/pexels-fauxels-318446411.jpg"},"_links":{"self":[{"href":"https:\/\/www.ecovis.com\/austria\/wp-json\/wp\/v2\/posts\/5416","targetHints":{"allow":["GET"]}}],"collection":[{"href":"https:\/\/www.ecovis.com\/austria\/wp-json\/wp\/v2\/posts"}],"about":[{"href":"https:\/\/www.ecovis.com\/austria\/wp-json\/wp\/v2\/types\/post"}],"author":[{"embeddable":true,"href":"https:\/\/www.ecovis.com\/austria\/wp-json\/wp\/v2\/users\/21"}],"replies":[{"embeddable":true,"href":"https:\/\/www.ecovis.com\/austria\/wp-json\/wp\/v2\/comments?post=5416"}],"version-history":[{"count":2,"href":"https:\/\/www.ecovis.com\/austria\/wp-json\/wp\/v2\/posts\/5416\/revisions"}],"predecessor-version":[{"id":5418,"href":"https:\/\/www.ecovis.com\/austria\/wp-json\/wp\/v2\/posts\/5416\/revisions\/5418"}],"wp:featuredmedia":[{"embeddable":true,"href":"https:\/\/www.ecovis.com\/austria\/wp-json\/wp\/v2\/media\/5350"}],"wp:attachment":[{"href":"https:\/\/www.ecovis.com\/austria\/wp-json\/wp\/v2\/media?parent=5416"}],"wp:term":[{"taxonomy":"category","embeddable":true,"href":"https:\/\/www.ecovis.com\/austria\/wp-json\/wp\/v2\/categories?post=5416"},{"taxonomy":"post_tag","embeddable":true,"href":"https:\/\/www.ecovis.com\/austria\/wp-json\/wp\/v2\/tags?post=5416"}],"curies":[{"name":"wp","href":"https:\/\/api.w.org\/{rel}","templated":true}]}}