{"id":4823,"date":"2021-09-07T15:31:59","date_gmt":"2021-09-07T13:31:59","guid":{"rendered":"https:\/\/www.ecovis.com\/austria\/?p=4823"},"modified":"2022-03-14T10:13:31","modified_gmt":"2022-03-14T09:13:31","slug":"covid-19-investitionspramie-frist-fur-abrechnung-beachten","status":"publish","type":"post","link":"https:\/\/www.ecovis.com\/austria\/blog\/covid-19-investitionspramie-frist-fur-abrechnung-beachten\/","title":{"rendered":"COVID-19-Investitionspr\u00e4mie: Frist f\u00fcr Abrechnung beachten!"},"content":{"rendered":"<p>In einem unserer letzten Newsletter haben wir Sie \u00fcber die \u00fcber die adaptierte F\u00f6rderrichtlinie samt FAQ\u2019s der Investitionspr\u00e4mie informiert. In Rahmen dieses Newsletters m\u00f6chten wir Sie nochmals \u00fcber die Fristen iZm der Abrechnung informieren.<\/p>\n<p>Das nachfolgende Inhaltsverzeichnis gibt einen Kurz\u00fcberblick \u00fcber die einzelnen Punkte dieses Newsletters:<\/p>\n<p><strong>1. Investitionspr\u00e4mie<\/strong><br \/>\na.) Allgemeines<br \/>\nb.) Frist f\u00fcr die Abrechnung<br \/>\n<strong>2. Ausblick<\/strong><\/p>\n<p><a href=\"https:\/\/www.ecovis.com\/austria\/wp-content\/uploads\/2022\/03\/Newsletter-Reminder-Investitionspramie_September.pdf\" target=\"_blank\" rel=\"noopener\"><strong>Newsletter \u2013 COVID-19-Investitionspr\u00e4mie: Frist f\u00fcr Abrechnung beachten!<\/strong><\/a><\/p>\n","protected":false},"excerpt":{"rendered":"<p>In einem unserer letzten Newsletter haben wir Sie \u00fcber die \u00fcber die adaptierte F\u00f6rderrichtlinie samt FAQ\u2019s der Investitionspr\u00e4mie informiert. In Rahmen dieses Newsletters m\u00f6chten wir Sie nochmals \u00fcber die Fristen iZm der Abrechnung informieren. Das nachfolgende Inhaltsverzeichnis gibt einen Kurz\u00fcberblick \u00fcber die einzelnen Punkte dieses Newsletters: 1. Investitionspr\u00e4mie a.) Allgemeines b.) Frist f\u00fcr die Abrechnung [&hellip;]<\/p>\n","protected":false},"author":21,"featured_media":4606,"comment_status":"closed","ping_status":"open","sticky":false,"template":"","format":"standard","meta":{"_acf_changed":false,"footnotes":""},"categories":[33,34,50],"tags":[],"class_list":["post-4823","post","type-post","status-publish","format-standard","has-post-thumbnail","hentry","category-aktuelles","category-newsletter","category-newsletter-2021"],"acf":[],"yoast_head":"<!-- This site is optimized with the Yoast SEO Premium plugin v28.3 (Yoast SEO v28.3) - https:\/\/yoast.com\/product\/yoast-seo-premium-wordpress\/ -->\n<title>COVID-19-Investitionspr\u00e4mie: Frist f\u00fcr Abrechnung beachten! | ECOVIS in \u00d6sterreich<\/title>\n<meta name=\"description\" content=\"In einem unserer letzten Newsletter haben wir Sie \u00fcber die \u00fcber die adaptierte F\u00f6rderrichtlinie samt FAQ\u2019s der Investitionspr\u00e4mie informiert.\" \/>\n<meta name=\"robots\" content=\"index, follow, max-snippet:-1, max-image-preview:large, max-video-preview:-1\" \/>\n<link rel=\"canonical\" href=\"https:\/\/www.ecovis.com\/austria\/blog\/covid-19-investitionspramie-frist-fur-abrechnung-beachten\/\" \/>\n<meta property=\"og:locale\" content=\"de_DE\" \/>\n<meta property=\"og:type\" content=\"article\" \/>\n<meta property=\"og:title\" content=\"COVID-19-Investitionspr\u00e4mie: Frist f\u00fcr Abrechnung beachten! | ECOVIS in \u00d6sterreich\" \/>\n<meta property=\"og:description\" content=\"In einem unserer letzten Newsletter haben wir Sie \u00fcber die \u00fcber die adaptierte F\u00f6rderrichtlinie samt FAQ\u2019s der Investitionspr\u00e4mie informiert.\" \/>\n<meta property=\"og:url\" content=\"https:\/\/www.ecovis.com\/austria\/blog\/covid-19-investitionspramie-frist-fur-abrechnung-beachten\/\" \/>\n<meta property=\"og:site_name\" content=\"ECOVIS in \u00d6sterreich\" \/>\n<meta property=\"article:publisher\" content=\"https:\/\/www.facebook.com\/ecovisaustria\/\" \/>\n<meta property=\"article:published_time\" content=\"2021-09-07T13:31:59+00:00\" \/>\n<meta property=\"article:modified_time\" content=\"2022-03-14T09:13:31+00:00\" \/>\n<meta property=\"og:image\" content=\"https:\/\/www.ecovis.com\/austria\/wp-content\/uploads\/2022\/03\/apple-g452cf4fbf_1280_.jpg\" \/>\n\t<meta property=\"og:image:width\" content=\"1280\" \/>\n\t<meta property=\"og:image:height\" content=\"600\" \/>\n\t<meta property=\"og:image:type\" content=\"image\/jpeg\" \/>\n<meta name=\"author\" content=\"shackl\" \/>\n<meta name=\"twitter:card\" content=\"summary_large_image\" \/>\n<meta name=\"twitter:label1\" content=\"Verfasst von\" \/>\n\t<meta name=\"twitter:data1\" content=\"shackl\" \/>\n<script type=\"application\/ld+json\" class=\"yoast-schema-graph\">{\"@context\":\"https:\\\/\\\/schema.org\",\"@graph\":[{\"@type\":\"Article\",\"@id\":\"https:\\\/\\\/www.ecovis.com\\\/austria\\\/blog\\\/covid-19-investitionspramie-frist-fur-abrechnung-beachten\\\/#article\",\"isPartOf\":{\"@id\":\"https:\\\/\\\/www.ecovis.com\\\/austria\\\/blog\\\/covid-19-investitionspramie-frist-fur-abrechnung-beachten\\\/\"},\"author\":{\"name\":\"shackl\",\"@id\":\"https:\\\/\\\/www.ecovis.com\\\/austria\\\/#\\\/schema\\\/person\\\/6df9bf03081e5b9155e14b30f7d91634\"},\"headline\":\"COVID-19-Investitionspr\u00e4mie: Frist f\u00fcr Abrechnung beachten!\",\"datePublished\":\"2021-09-07T13:31:59+00:00\",\"dateModified\":\"2022-03-14T09:13:31+00:00\",\"mainEntityOfPage\":{\"@id\":\"https:\\\/\\\/www.ecovis.com\\\/austria\\\/blog\\\/covid-19-investitionspramie-frist-fur-abrechnung-beachten\\\/\"},\"wordCount\":79,\"publisher\":{\"@id\":\"https:\\\/\\\/www.ecovis.com\\\/austria\\\/#organization\"},\"image\":{\"@id\":\"https:\\\/\\\/www.ecovis.com\\\/austria\\\/blog\\\/covid-19-investitionspramie-frist-fur-abrechnung-beachten\\\/#primaryimage\"},\"thumbnailUrl\":\"https:\\\/\\\/www.ecovis.com\\\/austria\\\/wp-content\\\/uploads\\\/2022\\\/03\\\/apple-g452cf4fbf_1280_.jpg\",\"articleSection\":[\"Aktuelles\",\"Newsletter\",\"Newsletter 2021\"],\"inLanguage\":\"de\"},{\"@type\":\"WebPage\",\"@id\":\"https:\\\/\\\/www.ecovis.com\\\/austria\\\/blog\\\/covid-19-investitionspramie-frist-fur-abrechnung-beachten\\\/\",\"url\":\"https:\\\/\\\/www.ecovis.com\\\/austria\\\/blog\\\/covid-19-investitionspramie-frist-fur-abrechnung-beachten\\\/\",\"name\":\"COVID-19-Investitionspr\u00e4mie: Frist f\u00fcr Abrechnung beachten! | ECOVIS in \u00d6sterreich\",\"isPartOf\":{\"@id\":\"https:\\\/\\\/www.ecovis.com\\\/austria\\\/#website\"},\"primaryImageOfPage\":{\"@id\":\"https:\\\/\\\/www.ecovis.com\\\/austria\\\/blog\\\/covid-19-investitionspramie-frist-fur-abrechnung-beachten\\\/#primaryimage\"},\"image\":{\"@id\":\"https:\\\/\\\/www.ecovis.com\\\/austria\\\/blog\\\/covid-19-investitionspramie-frist-fur-abrechnung-beachten\\\/#primaryimage\"},\"thumbnailUrl\":\"https:\\\/\\\/www.ecovis.com\\\/austria\\\/wp-content\\\/uploads\\\/2022\\\/03\\\/apple-g452cf4fbf_1280_.jpg\",\"datePublished\":\"2021-09-07T13:31:59+00:00\",\"dateModified\":\"2022-03-14T09:13:31+00:00\",\"description\":\"In einem unserer letzten Newsletter haben wir Sie \u00fcber die \u00fcber die adaptierte F\u00f6rderrichtlinie samt FAQ\u2019s der Investitionspr\u00e4mie informiert.\",\"breadcrumb\":{\"@id\":\"https:\\\/\\\/www.ecovis.com\\\/austria\\\/blog\\\/covid-19-investitionspramie-frist-fur-abrechnung-beachten\\\/#breadcrumb\"},\"inLanguage\":\"de\",\"potentialAction\":[{\"@type\":\"ReadAction\",\"target\":[\"https:\\\/\\\/www.ecovis.com\\\/austria\\\/blog\\\/covid-19-investitionspramie-frist-fur-abrechnung-beachten\\\/\"]}]},{\"@type\":\"ImageObject\",\"inLanguage\":\"de\",\"@id\":\"https:\\\/\\\/www.ecovis.com\\\/austria\\\/blog\\\/covid-19-investitionspramie-frist-fur-abrechnung-beachten\\\/#primaryimage\",\"url\":\"https:\\\/\\\/www.ecovis.com\\\/austria\\\/wp-content\\\/uploads\\\/2022\\\/03\\\/apple-g452cf4fbf_1280_.jpg\",\"contentUrl\":\"https:\\\/\\\/www.ecovis.com\\\/austria\\\/wp-content\\\/uploads\\\/2022\\\/03\\\/apple-g452cf4fbf_1280_.jpg\",\"width\":1280,\"height\":600},{\"@type\":\"BreadcrumbList\",\"@id\":\"https:\\\/\\\/www.ecovis.com\\\/austria\\\/blog\\\/covid-19-investitionspramie-frist-fur-abrechnung-beachten\\\/#breadcrumb\",\"itemListElement\":[{\"@type\":\"ListItem\",\"position\":1,\"name\":\"Startseite\",\"item\":\"https:\\\/\\\/www.ecovis.com\\\/austria\\\/\"},{\"@type\":\"ListItem\",\"position\":2,\"name\":\"COVID-19-Investitionspr\u00e4mie: Frist f\u00fcr Abrechnung beachten!\"}]},{\"@type\":\"WebSite\",\"@id\":\"https:\\\/\\\/www.ecovis.com\\\/austria\\\/#website\",\"url\":\"https:\\\/\\\/www.ecovis.com\\\/austria\\\/\",\"name\":\"ECOVIS Austria\",\"description\":\"\",\"publisher\":{\"@id\":\"https:\\\/\\\/www.ecovis.com\\\/austria\\\/#organization\"},\"potentialAction\":[{\"@type\":\"SearchAction\",\"target\":{\"@type\":\"EntryPoint\",\"urlTemplate\":\"https:\\\/\\\/www.ecovis.com\\\/austria\\\/?s={search_term_string}\"},\"query-input\":{\"@type\":\"PropertyValueSpecification\",\"valueRequired\":true,\"valueName\":\"search_term_string\"}}],\"inLanguage\":\"de\"},{\"@type\":\"Organization\",\"@id\":\"https:\\\/\\\/www.ecovis.com\\\/austria\\\/#organization\",\"name\":\"Ecovis Austria\",\"alternateName\":\"Ecovis Austria\",\"url\":\"https:\\\/\\\/www.ecovis.com\\\/austria\\\/\",\"logo\":{\"@type\":\"ImageObject\",\"inLanguage\":\"de\",\"@id\":\"https:\\\/\\\/www.ecovis.com\\\/austria\\\/#\\\/schema\\\/logo\\\/image\\\/\",\"url\":\"https:\\\/\\\/www.ecovis.com\\\/austria\\\/wp-content\\\/uploads\\\/2025\\\/08\\\/ECOVIS_3544x843-scaled.png\",\"contentUrl\":\"https:\\\/\\\/www.ecovis.com\\\/austria\\\/wp-content\\\/uploads\\\/2025\\\/08\\\/ECOVIS_3544x843-scaled.png\",\"width\":2560,\"height\":609,\"caption\":\"Ecovis Austria\"},\"image\":{\"@id\":\"https:\\\/\\\/www.ecovis.com\\\/austria\\\/#\\\/schema\\\/logo\\\/image\\\/\"},\"sameAs\":[\"https:\\\/\\\/www.facebook.com\\\/ecovisaustria\\\/\",\"https:\\\/\\\/www.instagram.com\\\/ecovisaustria\\\/\",\"https:\\\/\\\/at.linkedin.com\\\/company\\\/ecovisaustria\"],\"email\":\"office@ecovis.at\",\"telephone\":\"+43 (1) 59922 0\",\"legalName\":\"ECOVIS Austria Wirtschaftspr\u00fcfungs- und Steuerberatungsgesellschaft m.b.H.\",\"foundingDate\":\"1982-01-01\",\"vatID\":\"ATU44137108\",\"numberOfEmployees\":{\"@type\":\"QuantitativeValue\",\"minValue\":\"51\",\"maxValue\":\"200\"},\"ownershipFundingInfo\":\"https:\\\/\\\/www.ecovis.com\\\/austria\\\/impressum\\\/\"},{\"@type\":\"Person\",\"@id\":\"https:\\\/\\\/www.ecovis.com\\\/austria\\\/#\\\/schema\\\/person\\\/6df9bf03081e5b9155e14b30f7d91634\",\"name\":\"shackl\",\"image\":{\"@type\":\"ImageObject\",\"inLanguage\":\"de\",\"@id\":\"https:\\\/\\\/secure.gravatar.com\\\/avatar\\\/df1593f177947dfacb74d4eddd7f6409a8999f9755b0787f55c93255b52bda73?s=96&d=mm&r=g\",\"url\":\"https:\\\/\\\/secure.gravatar.com\\\/avatar\\\/df1593f177947dfacb74d4eddd7f6409a8999f9755b0787f55c93255b52bda73?s=96&d=mm&r=g\",\"contentUrl\":\"https:\\\/\\\/secure.gravatar.com\\\/avatar\\\/df1593f177947dfacb74d4eddd7f6409a8999f9755b0787f55c93255b52bda73?s=96&d=mm&r=g\",\"caption\":\"shackl\"},\"url\":\"https:\\\/\\\/www.ecovis.com\\\/austria\\\/blog\\\/author\\\/shackl\\\/\"}]}<\/script>\n<!-- \/ Yoast SEO Premium plugin. -->","yoast_head_json":{"title":"COVID-19-Investitionspr\u00e4mie: Frist f\u00fcr Abrechnung beachten! | ECOVIS in \u00d6sterreich","description":"In einem unserer letzten Newsletter haben wir Sie \u00fcber die \u00fcber die adaptierte F\u00f6rderrichtlinie samt FAQ\u2019s der Investitionspr\u00e4mie informiert.","robots":{"index":"index","follow":"follow","max-snippet":"max-snippet:-1","max-image-preview":"max-image-preview:large","max-video-preview":"max-video-preview:-1"},"canonical":"https:\/\/www.ecovis.com\/austria\/blog\/covid-19-investitionspramie-frist-fur-abrechnung-beachten\/","og_locale":"de_DE","og_type":"article","og_title":"COVID-19-Investitionspr\u00e4mie: Frist f\u00fcr Abrechnung beachten! | ECOVIS in \u00d6sterreich","og_description":"In einem unserer letzten Newsletter haben wir Sie \u00fcber die \u00fcber die adaptierte F\u00f6rderrichtlinie samt FAQ\u2019s der Investitionspr\u00e4mie informiert.","og_url":"https:\/\/www.ecovis.com\/austria\/blog\/covid-19-investitionspramie-frist-fur-abrechnung-beachten\/","og_site_name":"ECOVIS in \u00d6sterreich","article_publisher":"https:\/\/www.facebook.com\/ecovisaustria\/","article_published_time":"2021-09-07T13:31:59+00:00","article_modified_time":"2022-03-14T09:13:31+00:00","og_image":[{"width":1280,"height":600,"url":"https:\/\/www.ecovis.com\/austria\/wp-content\/uploads\/2022\/03\/apple-g452cf4fbf_1280_.jpg","type":"image\/jpeg"}],"author":"shackl","twitter_card":"summary_large_image","twitter_misc":{"Verfasst von":"shackl"},"schema":{"@context":"https:\/\/schema.org","@graph":[{"@type":"Article","@id":"https:\/\/www.ecovis.com\/austria\/blog\/covid-19-investitionspramie-frist-fur-abrechnung-beachten\/#article","isPartOf":{"@id":"https:\/\/www.ecovis.com\/austria\/blog\/covid-19-investitionspramie-frist-fur-abrechnung-beachten\/"},"author":{"name":"shackl","@id":"https:\/\/www.ecovis.com\/austria\/#\/schema\/person\/6df9bf03081e5b9155e14b30f7d91634"},"headline":"COVID-19-Investitionspr\u00e4mie: Frist f\u00fcr Abrechnung beachten!","datePublished":"2021-09-07T13:31:59+00:00","dateModified":"2022-03-14T09:13:31+00:00","mainEntityOfPage":{"@id":"https:\/\/www.ecovis.com\/austria\/blog\/covid-19-investitionspramie-frist-fur-abrechnung-beachten\/"},"wordCount":79,"publisher":{"@id":"https:\/\/www.ecovis.com\/austria\/#organization"},"image":{"@id":"https:\/\/www.ecovis.com\/austria\/blog\/covid-19-investitionspramie-frist-fur-abrechnung-beachten\/#primaryimage"},"thumbnailUrl":"https:\/\/www.ecovis.com\/austria\/wp-content\/uploads\/2022\/03\/apple-g452cf4fbf_1280_.jpg","articleSection":["Aktuelles","Newsletter","Newsletter 2021"],"inLanguage":"de"},{"@type":"WebPage","@id":"https:\/\/www.ecovis.com\/austria\/blog\/covid-19-investitionspramie-frist-fur-abrechnung-beachten\/","url":"https:\/\/www.ecovis.com\/austria\/blog\/covid-19-investitionspramie-frist-fur-abrechnung-beachten\/","name":"COVID-19-Investitionspr\u00e4mie: Frist f\u00fcr Abrechnung beachten! | ECOVIS in \u00d6sterreich","isPartOf":{"@id":"https:\/\/www.ecovis.com\/austria\/#website"},"primaryImageOfPage":{"@id":"https:\/\/www.ecovis.com\/austria\/blog\/covid-19-investitionspramie-frist-fur-abrechnung-beachten\/#primaryimage"},"image":{"@id":"https:\/\/www.ecovis.com\/austria\/blog\/covid-19-investitionspramie-frist-fur-abrechnung-beachten\/#primaryimage"},"thumbnailUrl":"https:\/\/www.ecovis.com\/austria\/wp-content\/uploads\/2022\/03\/apple-g452cf4fbf_1280_.jpg","datePublished":"2021-09-07T13:31:59+00:00","dateModified":"2022-03-14T09:13:31+00:00","description":"In einem unserer letzten Newsletter haben wir Sie \u00fcber die \u00fcber die adaptierte F\u00f6rderrichtlinie samt FAQ\u2019s der Investitionspr\u00e4mie informiert.","breadcrumb":{"@id":"https:\/\/www.ecovis.com\/austria\/blog\/covid-19-investitionspramie-frist-fur-abrechnung-beachten\/#breadcrumb"},"inLanguage":"de","potentialAction":[{"@type":"ReadAction","target":["https:\/\/www.ecovis.com\/austria\/blog\/covid-19-investitionspramie-frist-fur-abrechnung-beachten\/"]}]},{"@type":"ImageObject","inLanguage":"de","@id":"https:\/\/www.ecovis.com\/austria\/blog\/covid-19-investitionspramie-frist-fur-abrechnung-beachten\/#primaryimage","url":"https:\/\/www.ecovis.com\/austria\/wp-content\/uploads\/2022\/03\/apple-g452cf4fbf_1280_.jpg","contentUrl":"https:\/\/www.ecovis.com\/austria\/wp-content\/uploads\/2022\/03\/apple-g452cf4fbf_1280_.jpg","width":1280,"height":600},{"@type":"BreadcrumbList","@id":"https:\/\/www.ecovis.com\/austria\/blog\/covid-19-investitionspramie-frist-fur-abrechnung-beachten\/#breadcrumb","itemListElement":[{"@type":"ListItem","position":1,"name":"Startseite","item":"https:\/\/www.ecovis.com\/austria\/"},{"@type":"ListItem","position":2,"name":"COVID-19-Investitionspr\u00e4mie: Frist f\u00fcr Abrechnung beachten!"}]},{"@type":"WebSite","@id":"https:\/\/www.ecovis.com\/austria\/#website","url":"https:\/\/www.ecovis.com\/austria\/","name":"ECOVIS Austria","description":"","publisher":{"@id":"https:\/\/www.ecovis.com\/austria\/#organization"},"potentialAction":[{"@type":"SearchAction","target":{"@type":"EntryPoint","urlTemplate":"https:\/\/www.ecovis.com\/austria\/?s={search_term_string}"},"query-input":{"@type":"PropertyValueSpecification","valueRequired":true,"valueName":"search_term_string"}}],"inLanguage":"de"},{"@type":"Organization","@id":"https:\/\/www.ecovis.com\/austria\/#organization","name":"Ecovis Austria","alternateName":"Ecovis Austria","url":"https:\/\/www.ecovis.com\/austria\/","logo":{"@type":"ImageObject","inLanguage":"de","@id":"https:\/\/www.ecovis.com\/austria\/#\/schema\/logo\/image\/","url":"https:\/\/www.ecovis.com\/austria\/wp-content\/uploads\/2025\/08\/ECOVIS_3544x843-scaled.png","contentUrl":"https:\/\/www.ecovis.com\/austria\/wp-content\/uploads\/2025\/08\/ECOVIS_3544x843-scaled.png","width":2560,"height":609,"caption":"Ecovis Austria"},"image":{"@id":"https:\/\/www.ecovis.com\/austria\/#\/schema\/logo\/image\/"},"sameAs":["https:\/\/www.facebook.com\/ecovisaustria\/","https:\/\/www.instagram.com\/ecovisaustria\/","https:\/\/at.linkedin.com\/company\/ecovisaustria"],"email":"office@ecovis.at","telephone":"+43 (1) 59922 0","legalName":"ECOVIS Austria Wirtschaftspr\u00fcfungs- und Steuerberatungsgesellschaft m.b.H.","foundingDate":"1982-01-01","vatID":"ATU44137108","numberOfEmployees":{"@type":"QuantitativeValue","minValue":"51","maxValue":"200"},"ownershipFundingInfo":"https:\/\/www.ecovis.com\/austria\/impressum\/"},{"@type":"Person","@id":"https:\/\/www.ecovis.com\/austria\/#\/schema\/person\/6df9bf03081e5b9155e14b30f7d91634","name":"shackl","image":{"@type":"ImageObject","inLanguage":"de","@id":"https:\/\/secure.gravatar.com\/avatar\/df1593f177947dfacb74d4eddd7f6409a8999f9755b0787f55c93255b52bda73?s=96&d=mm&r=g","url":"https:\/\/secure.gravatar.com\/avatar\/df1593f177947dfacb74d4eddd7f6409a8999f9755b0787f55c93255b52bda73?s=96&d=mm&r=g","contentUrl":"https:\/\/secure.gravatar.com\/avatar\/df1593f177947dfacb74d4eddd7f6409a8999f9755b0787f55c93255b52bda73?s=96&d=mm&r=g","caption":"shackl"},"url":"https:\/\/www.ecovis.com\/austria\/blog\/author\/shackl\/"}]}},"images":{"medium":"https:\/\/www.ecovis.com\/austria\/wp-content\/uploads\/2022\/03\/apple-g452cf4fbf_1280_.jpg","large":"https:\/\/www.ecovis.com\/austria\/wp-content\/uploads\/2022\/03\/apple-g452cf4fbf_1280_.jpg"},"_links":{"self":[{"href":"https:\/\/www.ecovis.com\/austria\/wp-json\/wp\/v2\/posts\/4823","targetHints":{"allow":["GET"]}}],"collection":[{"href":"https:\/\/www.ecovis.com\/austria\/wp-json\/wp\/v2\/posts"}],"about":[{"href":"https:\/\/www.ecovis.com\/austria\/wp-json\/wp\/v2\/types\/post"}],"author":[{"embeddable":true,"href":"https:\/\/www.ecovis.com\/austria\/wp-json\/wp\/v2\/users\/21"}],"replies":[{"embeddable":true,"href":"https:\/\/www.ecovis.com\/austria\/wp-json\/wp\/v2\/comments?post=4823"}],"version-history":[{"count":1,"href":"https:\/\/www.ecovis.com\/austria\/wp-json\/wp\/v2\/posts\/4823\/revisions"}],"predecessor-version":[{"id":4825,"href":"https:\/\/www.ecovis.com\/austria\/wp-json\/wp\/v2\/posts\/4823\/revisions\/4825"}],"wp:featuredmedia":[{"embeddable":true,"href":"https:\/\/www.ecovis.com\/austria\/wp-json\/wp\/v2\/media\/4606"}],"wp:attachment":[{"href":"https:\/\/www.ecovis.com\/austria\/wp-json\/wp\/v2\/media?parent=4823"}],"wp:term":[{"taxonomy":"category","embeddable":true,"href":"https:\/\/www.ecovis.com\/austria\/wp-json\/wp\/v2\/categories?post=4823"},{"taxonomy":"post_tag","embeddable":true,"href":"https:\/\/www.ecovis.com\/austria\/wp-json\/wp\/v2\/tags?post=4823"}],"curies":[{"name":"wp","href":"https:\/\/api.w.org\/{rel}","templated":true}]}}