{"id":4752,"date":"2021-12-02T13:36:50","date_gmt":"2021-12-02T12:36:50","guid":{"rendered":"https:\/\/www.ecovis.com\/austria\/?p=4752"},"modified":"2022-03-25T14:26:45","modified_gmt":"2022-03-25T13:26:45","slug":"neuauflage-des-hartefall-fonds-phase-4","status":"publish","type":"post","link":"https:\/\/www.ecovis.com\/austria\/blog\/neuauflage-des-hartefall-fonds-phase-4\/","title":{"rendered":"Neuauflage des H\u00e4rtefall-Fonds Phase 4"},"content":{"rendered":"<p>In unserem letzten Newsletter haben wir die Verl\u00e4ngerung des H\u00e4rtefall-Fonds angek\u00fcndigt. Vor kurzem sind nun die Richtlinie sowie FAQ\u2019s ver\u00f6ffentlicht worden. Mit diesem Newsletter wollen wir Ihnen einen ersten \u00dcberblick \u00fcber wesentliche Aspekte geben.<\/p>\n<p>Das nachfolgende Inhaltsverzeichnis gibt einen Kurz\u00fcberblick \u00fcber die einzelnen Punkte dieses Newsletters:<\/p>\n<p><strong>1. H\u00e4rtefall-Fonds Phase 4<\/strong><br \/>\na.) Allgemeines<br \/>\nb.) Anspruchsvoraussetzungen und F\u00f6rderh\u00f6he<br \/>\nc.) Zeitr\u00e4ume und Antragsfristen<br \/>\n<strong>2. Ausblick<\/strong><\/p>\n<p><a href=\"https:\/\/www.ecovis.com\/austria\/wp-content\/uploads\/2022\/03\/Newsletter-Hartefall-Fonds-Phase-4.pdf\" target=\"_blank\" rel=\"noopener\"><strong>Newsletter \u2013 Neuauflage des H\u00e4rtefall-Fonds Phase 4<\/strong><\/a><\/p>\n<ul>\n<li><a href=\"https:\/\/www.ecovis.com\/austria\/wp-content\/uploads\/2022\/03\/Richtlinie-Hartefall-Fonds-Phase-4.pdf\" target=\"_blank\" rel=\"noopener\">Richtlinie<\/a><\/li>\n<li><a href=\"https:\/\/www.ecovis.com\/austria\/wp-content\/uploads\/2022\/03\/FAQ-WKO-Hartefall-Fonds-Phase-4.pdf\" target=\"_blank\" rel=\"noopener\">FAQ<\/a><\/li>\n<li><a href=\"https:\/\/www.ecovis.com\/austria\/wp-content\/uploads\/2022\/03\/Musterantrag-Hartefall-Fonds-Phase-4.pdf\" target=\"_blank\" rel=\"noopener\">Musterantrag<\/a><\/li>\n<\/ul>\n","protected":false},"excerpt":{"rendered":"<p>In unserem letzten Newsletter haben wir die Verl\u00e4ngerung des H\u00e4rtefall-Fonds angek\u00fcndigt. Vor kurzem sind nun die Richtlinie sowie FAQ\u2019s ver\u00f6ffentlicht worden. Mit diesem Newsletter wollen wir Ihnen einen ersten \u00dcberblick \u00fcber wesentliche Aspekte geben. Das nachfolgende Inhaltsverzeichnis gibt einen Kurz\u00fcberblick \u00fcber die einzelnen Punkte dieses Newsletters: 1. H\u00e4rtefall-Fonds Phase 4 a.) Allgemeines b.) Anspruchsvoraussetzungen und [&hellip;]<\/p>\n","protected":false},"author":21,"featured_media":4612,"comment_status":"closed","ping_status":"open","sticky":false,"template":"","format":"standard","meta":{"_acf_changed":false,"footnotes":""},"categories":[33,34,50],"tags":[],"class_list":["post-4752","post","type-post","status-publish","format-standard","has-post-thumbnail","hentry","category-aktuelles","category-newsletter","category-newsletter-2021"],"acf":[],"yoast_head":"<!-- This site is optimized with the Yoast SEO Premium plugin v28.3 (Yoast SEO v28.3) - https:\/\/yoast.com\/product\/yoast-seo-premium-wordpress\/ -->\n<title>Neuauflage des H\u00e4rtefall-Fonds Phase 4 | ECOVIS in \u00d6sterreich<\/title>\n<meta name=\"description\" content=\"In unserem letzten Newsletter haben wir die Verl\u00e4ngerung des H\u00e4rtefall-Fonds angek\u00fcndigt. Vor kurzem sind nun die Richtlinie sowie FAQ\u2019s ver\u00f6ffentlicht worden.\" \/>\n<meta name=\"robots\" content=\"index, follow, max-snippet:-1, max-image-preview:large, max-video-preview:-1\" \/>\n<link rel=\"canonical\" href=\"https:\/\/www.ecovis.com\/austria\/blog\/neuauflage-des-hartefall-fonds-phase-4\/\" \/>\n<meta property=\"og:locale\" content=\"de_DE\" \/>\n<meta property=\"og:type\" content=\"article\" \/>\n<meta property=\"og:title\" content=\"Neuauflage des H\u00e4rtefall-Fonds Phase 4 | ECOVIS in \u00d6sterreich\" \/>\n<meta property=\"og:description\" content=\"In unserem letzten Newsletter haben wir die Verl\u00e4ngerung des H\u00e4rtefall-Fonds angek\u00fcndigt. Vor kurzem sind nun die Richtlinie sowie FAQ\u2019s ver\u00f6ffentlicht worden.\" \/>\n<meta property=\"og:url\" content=\"https:\/\/www.ecovis.com\/austria\/blog\/neuauflage-des-hartefall-fonds-phase-4\/\" \/>\n<meta property=\"og:site_name\" content=\"ECOVIS in \u00d6sterreich\" \/>\n<meta property=\"article:publisher\" content=\"https:\/\/www.facebook.com\/ecovisaustria\/\" \/>\n<meta property=\"article:published_time\" content=\"2021-12-02T12:36:50+00:00\" \/>\n<meta property=\"article:modified_time\" content=\"2022-03-25T13:26:45+00:00\" \/>\n<meta property=\"og:image\" content=\"https:\/\/www.ecovis.com\/austria\/wp-content\/uploads\/2022\/03\/pexels-mikhail-nilov-8297031-1.jpg\" \/>\n\t<meta property=\"og:image:width\" content=\"1280\" \/>\n\t<meta property=\"og:image:height\" content=\"618\" \/>\n\t<meta property=\"og:image:type\" content=\"image\/jpeg\" \/>\n<meta name=\"author\" content=\"shackl\" \/>\n<meta name=\"twitter:card\" content=\"summary_large_image\" \/>\n<meta name=\"twitter:label1\" content=\"Verfasst von\" \/>\n\t<meta name=\"twitter:data1\" content=\"shackl\" \/>\n<script type=\"application\/ld+json\" class=\"yoast-schema-graph\">{\"@context\":\"https:\\\/\\\/schema.org\",\"@graph\":[{\"@type\":\"Article\",\"@id\":\"https:\\\/\\\/www.ecovis.com\\\/austria\\\/blog\\\/neuauflage-des-hartefall-fonds-phase-4\\\/#article\",\"isPartOf\":{\"@id\":\"https:\\\/\\\/www.ecovis.com\\\/austria\\\/blog\\\/neuauflage-des-hartefall-fonds-phase-4\\\/\"},\"author\":{\"name\":\"shackl\",\"@id\":\"https:\\\/\\\/www.ecovis.com\\\/austria\\\/#\\\/schema\\\/person\\\/6df9bf03081e5b9155e14b30f7d91634\"},\"headline\":\"Neuauflage des H\u00e4rtefall-Fonds Phase 4\",\"datePublished\":\"2021-12-02T12:36:50+00:00\",\"dateModified\":\"2022-03-25T13:26:45+00:00\",\"mainEntityOfPage\":{\"@id\":\"https:\\\/\\\/www.ecovis.com\\\/austria\\\/blog\\\/neuauflage-des-hartefall-fonds-phase-4\\\/\"},\"wordCount\":83,\"publisher\":{\"@id\":\"https:\\\/\\\/www.ecovis.com\\\/austria\\\/#organization\"},\"image\":{\"@id\":\"https:\\\/\\\/www.ecovis.com\\\/austria\\\/blog\\\/neuauflage-des-hartefall-fonds-phase-4\\\/#primaryimage\"},\"thumbnailUrl\":\"https:\\\/\\\/www.ecovis.com\\\/austria\\\/wp-content\\\/uploads\\\/2022\\\/03\\\/pexels-mikhail-nilov-8297031-1.jpg\",\"articleSection\":[\"Aktuelles\",\"Newsletter\",\"Newsletter 2021\"],\"inLanguage\":\"de\"},{\"@type\":\"WebPage\",\"@id\":\"https:\\\/\\\/www.ecovis.com\\\/austria\\\/blog\\\/neuauflage-des-hartefall-fonds-phase-4\\\/\",\"url\":\"https:\\\/\\\/www.ecovis.com\\\/austria\\\/blog\\\/neuauflage-des-hartefall-fonds-phase-4\\\/\",\"name\":\"Neuauflage des H\u00e4rtefall-Fonds Phase 4 | ECOVIS in \u00d6sterreich\",\"isPartOf\":{\"@id\":\"https:\\\/\\\/www.ecovis.com\\\/austria\\\/#website\"},\"primaryImageOfPage\":{\"@id\":\"https:\\\/\\\/www.ecovis.com\\\/austria\\\/blog\\\/neuauflage-des-hartefall-fonds-phase-4\\\/#primaryimage\"},\"image\":{\"@id\":\"https:\\\/\\\/www.ecovis.com\\\/austria\\\/blog\\\/neuauflage-des-hartefall-fonds-phase-4\\\/#primaryimage\"},\"thumbnailUrl\":\"https:\\\/\\\/www.ecovis.com\\\/austria\\\/wp-content\\\/uploads\\\/2022\\\/03\\\/pexels-mikhail-nilov-8297031-1.jpg\",\"datePublished\":\"2021-12-02T12:36:50+00:00\",\"dateModified\":\"2022-03-25T13:26:45+00:00\",\"description\":\"In unserem letzten Newsletter haben wir die Verl\u00e4ngerung des H\u00e4rtefall-Fonds angek\u00fcndigt. Vor kurzem sind nun die Richtlinie sowie FAQ\u2019s ver\u00f6ffentlicht worden.\",\"breadcrumb\":{\"@id\":\"https:\\\/\\\/www.ecovis.com\\\/austria\\\/blog\\\/neuauflage-des-hartefall-fonds-phase-4\\\/#breadcrumb\"},\"inLanguage\":\"de\",\"potentialAction\":[{\"@type\":\"ReadAction\",\"target\":[\"https:\\\/\\\/www.ecovis.com\\\/austria\\\/blog\\\/neuauflage-des-hartefall-fonds-phase-4\\\/\"]}]},{\"@type\":\"ImageObject\",\"inLanguage\":\"de\",\"@id\":\"https:\\\/\\\/www.ecovis.com\\\/austria\\\/blog\\\/neuauflage-des-hartefall-fonds-phase-4\\\/#primaryimage\",\"url\":\"https:\\\/\\\/www.ecovis.com\\\/austria\\\/wp-content\\\/uploads\\\/2022\\\/03\\\/pexels-mikhail-nilov-8297031-1.jpg\",\"contentUrl\":\"https:\\\/\\\/www.ecovis.com\\\/austria\\\/wp-content\\\/uploads\\\/2022\\\/03\\\/pexels-mikhail-nilov-8297031-1.jpg\",\"width\":1280,\"height\":618},{\"@type\":\"BreadcrumbList\",\"@id\":\"https:\\\/\\\/www.ecovis.com\\\/austria\\\/blog\\\/neuauflage-des-hartefall-fonds-phase-4\\\/#breadcrumb\",\"itemListElement\":[{\"@type\":\"ListItem\",\"position\":1,\"name\":\"Startseite\",\"item\":\"https:\\\/\\\/www.ecovis.com\\\/austria\\\/\"},{\"@type\":\"ListItem\",\"position\":2,\"name\":\"Neuauflage des H\u00e4rtefall-Fonds Phase 4\"}]},{\"@type\":\"WebSite\",\"@id\":\"https:\\\/\\\/www.ecovis.com\\\/austria\\\/#website\",\"url\":\"https:\\\/\\\/www.ecovis.com\\\/austria\\\/\",\"name\":\"ECOVIS Austria\",\"description\":\"\",\"publisher\":{\"@id\":\"https:\\\/\\\/www.ecovis.com\\\/austria\\\/#organization\"},\"potentialAction\":[{\"@type\":\"SearchAction\",\"target\":{\"@type\":\"EntryPoint\",\"urlTemplate\":\"https:\\\/\\\/www.ecovis.com\\\/austria\\\/?s={search_term_string}\"},\"query-input\":{\"@type\":\"PropertyValueSpecification\",\"valueRequired\":true,\"valueName\":\"search_term_string\"}}],\"inLanguage\":\"de\"},{\"@type\":\"Organization\",\"@id\":\"https:\\\/\\\/www.ecovis.com\\\/austria\\\/#organization\",\"name\":\"Ecovis Austria\",\"alternateName\":\"Ecovis Austria\",\"url\":\"https:\\\/\\\/www.ecovis.com\\\/austria\\\/\",\"logo\":{\"@type\":\"ImageObject\",\"inLanguage\":\"de\",\"@id\":\"https:\\\/\\\/www.ecovis.com\\\/austria\\\/#\\\/schema\\\/logo\\\/image\\\/\",\"url\":\"https:\\\/\\\/www.ecovis.com\\\/austria\\\/wp-content\\\/uploads\\\/2025\\\/08\\\/ECOVIS_3544x843-scaled.png\",\"contentUrl\":\"https:\\\/\\\/www.ecovis.com\\\/austria\\\/wp-content\\\/uploads\\\/2025\\\/08\\\/ECOVIS_3544x843-scaled.png\",\"width\":2560,\"height\":609,\"caption\":\"Ecovis Austria\"},\"image\":{\"@id\":\"https:\\\/\\\/www.ecovis.com\\\/austria\\\/#\\\/schema\\\/logo\\\/image\\\/\"},\"sameAs\":[\"https:\\\/\\\/www.facebook.com\\\/ecovisaustria\\\/\",\"https:\\\/\\\/www.instagram.com\\\/ecovisaustria\\\/\",\"https:\\\/\\\/at.linkedin.com\\\/company\\\/ecovisaustria\"],\"email\":\"office@ecovis.at\",\"telephone\":\"+43 (1) 59922 0\",\"legalName\":\"ECOVIS Austria Wirtschaftspr\u00fcfungs- und Steuerberatungsgesellschaft m.b.H.\",\"foundingDate\":\"1982-01-01\",\"vatID\":\"ATU44137108\",\"numberOfEmployees\":{\"@type\":\"QuantitativeValue\",\"minValue\":\"51\",\"maxValue\":\"200\"},\"ownershipFundingInfo\":\"https:\\\/\\\/www.ecovis.com\\\/austria\\\/impressum\\\/\"},{\"@type\":\"Person\",\"@id\":\"https:\\\/\\\/www.ecovis.com\\\/austria\\\/#\\\/schema\\\/person\\\/6df9bf03081e5b9155e14b30f7d91634\",\"name\":\"shackl\",\"image\":{\"@type\":\"ImageObject\",\"inLanguage\":\"de\",\"@id\":\"https:\\\/\\\/secure.gravatar.com\\\/avatar\\\/df1593f177947dfacb74d4eddd7f6409a8999f9755b0787f55c93255b52bda73?s=96&d=mm&r=g\",\"url\":\"https:\\\/\\\/secure.gravatar.com\\\/avatar\\\/df1593f177947dfacb74d4eddd7f6409a8999f9755b0787f55c93255b52bda73?s=96&d=mm&r=g\",\"contentUrl\":\"https:\\\/\\\/secure.gravatar.com\\\/avatar\\\/df1593f177947dfacb74d4eddd7f6409a8999f9755b0787f55c93255b52bda73?s=96&d=mm&r=g\",\"caption\":\"shackl\"},\"url\":\"https:\\\/\\\/www.ecovis.com\\\/austria\\\/blog\\\/author\\\/shackl\\\/\"}]}<\/script>\n<!-- \/ Yoast SEO Premium plugin. -->","yoast_head_json":{"title":"Neuauflage des H\u00e4rtefall-Fonds Phase 4 | ECOVIS in \u00d6sterreich","description":"In unserem letzten Newsletter haben wir die Verl\u00e4ngerung des H\u00e4rtefall-Fonds angek\u00fcndigt. Vor kurzem sind nun die Richtlinie sowie FAQ\u2019s ver\u00f6ffentlicht worden.","robots":{"index":"index","follow":"follow","max-snippet":"max-snippet:-1","max-image-preview":"max-image-preview:large","max-video-preview":"max-video-preview:-1"},"canonical":"https:\/\/www.ecovis.com\/austria\/blog\/neuauflage-des-hartefall-fonds-phase-4\/","og_locale":"de_DE","og_type":"article","og_title":"Neuauflage des H\u00e4rtefall-Fonds Phase 4 | ECOVIS in \u00d6sterreich","og_description":"In unserem letzten Newsletter haben wir die Verl\u00e4ngerung des H\u00e4rtefall-Fonds angek\u00fcndigt. Vor kurzem sind nun die Richtlinie sowie FAQ\u2019s ver\u00f6ffentlicht worden.","og_url":"https:\/\/www.ecovis.com\/austria\/blog\/neuauflage-des-hartefall-fonds-phase-4\/","og_site_name":"ECOVIS in \u00d6sterreich","article_publisher":"https:\/\/www.facebook.com\/ecovisaustria\/","article_published_time":"2021-12-02T12:36:50+00:00","article_modified_time":"2022-03-25T13:26:45+00:00","og_image":[{"width":1280,"height":618,"url":"https:\/\/www.ecovis.com\/austria\/wp-content\/uploads\/2022\/03\/pexels-mikhail-nilov-8297031-1.jpg","type":"image\/jpeg"}],"author":"shackl","twitter_card":"summary_large_image","twitter_misc":{"Verfasst von":"shackl"},"schema":{"@context":"https:\/\/schema.org","@graph":[{"@type":"Article","@id":"https:\/\/www.ecovis.com\/austria\/blog\/neuauflage-des-hartefall-fonds-phase-4\/#article","isPartOf":{"@id":"https:\/\/www.ecovis.com\/austria\/blog\/neuauflage-des-hartefall-fonds-phase-4\/"},"author":{"name":"shackl","@id":"https:\/\/www.ecovis.com\/austria\/#\/schema\/person\/6df9bf03081e5b9155e14b30f7d91634"},"headline":"Neuauflage des H\u00e4rtefall-Fonds Phase 4","datePublished":"2021-12-02T12:36:50+00:00","dateModified":"2022-03-25T13:26:45+00:00","mainEntityOfPage":{"@id":"https:\/\/www.ecovis.com\/austria\/blog\/neuauflage-des-hartefall-fonds-phase-4\/"},"wordCount":83,"publisher":{"@id":"https:\/\/www.ecovis.com\/austria\/#organization"},"image":{"@id":"https:\/\/www.ecovis.com\/austria\/blog\/neuauflage-des-hartefall-fonds-phase-4\/#primaryimage"},"thumbnailUrl":"https:\/\/www.ecovis.com\/austria\/wp-content\/uploads\/2022\/03\/pexels-mikhail-nilov-8297031-1.jpg","articleSection":["Aktuelles","Newsletter","Newsletter 2021"],"inLanguage":"de"},{"@type":"WebPage","@id":"https:\/\/www.ecovis.com\/austria\/blog\/neuauflage-des-hartefall-fonds-phase-4\/","url":"https:\/\/www.ecovis.com\/austria\/blog\/neuauflage-des-hartefall-fonds-phase-4\/","name":"Neuauflage des H\u00e4rtefall-Fonds Phase 4 | ECOVIS in \u00d6sterreich","isPartOf":{"@id":"https:\/\/www.ecovis.com\/austria\/#website"},"primaryImageOfPage":{"@id":"https:\/\/www.ecovis.com\/austria\/blog\/neuauflage-des-hartefall-fonds-phase-4\/#primaryimage"},"image":{"@id":"https:\/\/www.ecovis.com\/austria\/blog\/neuauflage-des-hartefall-fonds-phase-4\/#primaryimage"},"thumbnailUrl":"https:\/\/www.ecovis.com\/austria\/wp-content\/uploads\/2022\/03\/pexels-mikhail-nilov-8297031-1.jpg","datePublished":"2021-12-02T12:36:50+00:00","dateModified":"2022-03-25T13:26:45+00:00","description":"In unserem letzten Newsletter haben wir die Verl\u00e4ngerung des H\u00e4rtefall-Fonds angek\u00fcndigt. Vor kurzem sind nun die Richtlinie sowie FAQ\u2019s ver\u00f6ffentlicht worden.","breadcrumb":{"@id":"https:\/\/www.ecovis.com\/austria\/blog\/neuauflage-des-hartefall-fonds-phase-4\/#breadcrumb"},"inLanguage":"de","potentialAction":[{"@type":"ReadAction","target":["https:\/\/www.ecovis.com\/austria\/blog\/neuauflage-des-hartefall-fonds-phase-4\/"]}]},{"@type":"ImageObject","inLanguage":"de","@id":"https:\/\/www.ecovis.com\/austria\/blog\/neuauflage-des-hartefall-fonds-phase-4\/#primaryimage","url":"https:\/\/www.ecovis.com\/austria\/wp-content\/uploads\/2022\/03\/pexels-mikhail-nilov-8297031-1.jpg","contentUrl":"https:\/\/www.ecovis.com\/austria\/wp-content\/uploads\/2022\/03\/pexels-mikhail-nilov-8297031-1.jpg","width":1280,"height":618},{"@type":"BreadcrumbList","@id":"https:\/\/www.ecovis.com\/austria\/blog\/neuauflage-des-hartefall-fonds-phase-4\/#breadcrumb","itemListElement":[{"@type":"ListItem","position":1,"name":"Startseite","item":"https:\/\/www.ecovis.com\/austria\/"},{"@type":"ListItem","position":2,"name":"Neuauflage des H\u00e4rtefall-Fonds Phase 4"}]},{"@type":"WebSite","@id":"https:\/\/www.ecovis.com\/austria\/#website","url":"https:\/\/www.ecovis.com\/austria\/","name":"ECOVIS Austria","description":"","publisher":{"@id":"https:\/\/www.ecovis.com\/austria\/#organization"},"potentialAction":[{"@type":"SearchAction","target":{"@type":"EntryPoint","urlTemplate":"https:\/\/www.ecovis.com\/austria\/?s={search_term_string}"},"query-input":{"@type":"PropertyValueSpecification","valueRequired":true,"valueName":"search_term_string"}}],"inLanguage":"de"},{"@type":"Organization","@id":"https:\/\/www.ecovis.com\/austria\/#organization","name":"Ecovis Austria","alternateName":"Ecovis Austria","url":"https:\/\/www.ecovis.com\/austria\/","logo":{"@type":"ImageObject","inLanguage":"de","@id":"https:\/\/www.ecovis.com\/austria\/#\/schema\/logo\/image\/","url":"https:\/\/www.ecovis.com\/austria\/wp-content\/uploads\/2025\/08\/ECOVIS_3544x843-scaled.png","contentUrl":"https:\/\/www.ecovis.com\/austria\/wp-content\/uploads\/2025\/08\/ECOVIS_3544x843-scaled.png","width":2560,"height":609,"caption":"Ecovis Austria"},"image":{"@id":"https:\/\/www.ecovis.com\/austria\/#\/schema\/logo\/image\/"},"sameAs":["https:\/\/www.facebook.com\/ecovisaustria\/","https:\/\/www.instagram.com\/ecovisaustria\/","https:\/\/at.linkedin.com\/company\/ecovisaustria"],"email":"office@ecovis.at","telephone":"+43 (1) 59922 0","legalName":"ECOVIS Austria Wirtschaftspr\u00fcfungs- und Steuerberatungsgesellschaft m.b.H.","foundingDate":"1982-01-01","vatID":"ATU44137108","numberOfEmployees":{"@type":"QuantitativeValue","minValue":"51","maxValue":"200"},"ownershipFundingInfo":"https:\/\/www.ecovis.com\/austria\/impressum\/"},{"@type":"Person","@id":"https:\/\/www.ecovis.com\/austria\/#\/schema\/person\/6df9bf03081e5b9155e14b30f7d91634","name":"shackl","image":{"@type":"ImageObject","inLanguage":"de","@id":"https:\/\/secure.gravatar.com\/avatar\/df1593f177947dfacb74d4eddd7f6409a8999f9755b0787f55c93255b52bda73?s=96&d=mm&r=g","url":"https:\/\/secure.gravatar.com\/avatar\/df1593f177947dfacb74d4eddd7f6409a8999f9755b0787f55c93255b52bda73?s=96&d=mm&r=g","contentUrl":"https:\/\/secure.gravatar.com\/avatar\/df1593f177947dfacb74d4eddd7f6409a8999f9755b0787f55c93255b52bda73?s=96&d=mm&r=g","caption":"shackl"},"url":"https:\/\/www.ecovis.com\/austria\/blog\/author\/shackl\/"}]}},"images":{"medium":"https:\/\/www.ecovis.com\/austria\/wp-content\/uploads\/2022\/03\/pexels-mikhail-nilov-8297031-1.jpg","large":"https:\/\/www.ecovis.com\/austria\/wp-content\/uploads\/2022\/03\/pexels-mikhail-nilov-8297031-1.jpg"},"_links":{"self":[{"href":"https:\/\/www.ecovis.com\/austria\/wp-json\/wp\/v2\/posts\/4752","targetHints":{"allow":["GET"]}}],"collection":[{"href":"https:\/\/www.ecovis.com\/austria\/wp-json\/wp\/v2\/posts"}],"about":[{"href":"https:\/\/www.ecovis.com\/austria\/wp-json\/wp\/v2\/types\/post"}],"author":[{"embeddable":true,"href":"https:\/\/www.ecovis.com\/austria\/wp-json\/wp\/v2\/users\/21"}],"replies":[{"embeddable":true,"href":"https:\/\/www.ecovis.com\/austria\/wp-json\/wp\/v2\/comments?post=4752"}],"version-history":[{"count":2,"href":"https:\/\/www.ecovis.com\/austria\/wp-json\/wp\/v2\/posts\/4752\/revisions"}],"predecessor-version":[{"id":5567,"href":"https:\/\/www.ecovis.com\/austria\/wp-json\/wp\/v2\/posts\/4752\/revisions\/5567"}],"wp:featuredmedia":[{"embeddable":true,"href":"https:\/\/www.ecovis.com\/austria\/wp-json\/wp\/v2\/media\/4612"}],"wp:attachment":[{"href":"https:\/\/www.ecovis.com\/austria\/wp-json\/wp\/v2\/media?parent=4752"}],"wp:term":[{"taxonomy":"category","embeddable":true,"href":"https:\/\/www.ecovis.com\/austria\/wp-json\/wp\/v2\/categories?post=4752"},{"taxonomy":"post_tag","embeddable":true,"href":"https:\/\/www.ecovis.com\/austria\/wp-json\/wp\/v2\/tags?post=4752"}],"curies":[{"name":"wp","href":"https:\/\/api.w.org\/{rel}","templated":true}]}}