{"id":4730,"date":"2021-12-23T11:18:01","date_gmt":"2021-12-23T10:18:01","guid":{"rendered":"https:\/\/www.ecovis.com\/austria\/?p=4730"},"modified":"2022-03-14T10:13:31","modified_gmt":"2022-03-14T09:13:31","slug":"regierungsvorlage-zur-okosozialen-steuerreform-und-weitere-neuerungen","status":"publish","type":"post","link":"https:\/\/www.ecovis.com\/austria\/blog\/regierungsvorlage-zur-okosozialen-steuerreform-und-weitere-neuerungen\/","title":{"rendered":"Regierungsvorlage zur \u00f6kosozialen Steuerreform und weitere Neuerungen"},"content":{"rendered":"<p>Im Zuge der Regierungsvorlage zur \u00f6kosozialen Steuerreform ist es noch zu \u00c4nderungen im Vergleich zum Begutachtungsentwurf gekommen. Die Beschlussfassung im Parlament ist noch offen und wird voraussichtlich im J\u00e4nner 2022 erwartet. Abgesehen davon sind auch noch andere Ma\u00dfnahmen in Umsetzung. In diesem Newsletter geben wir einen \u00dcberblick \u00fcber die wesentlichen \u00c4nderungen.<\/p>\n<p><strong>1. \u00c4nderungen iZm der geplanten \u00f6kosozialen Steuerreform<\/strong><br \/>\n1.1 Steuertarifsenkung<br \/>\n1.2 Verl\u00e4ngerung der degressiven Absetzung f\u00fcr Abnutzung<br \/>\n1.3 Steuerbeg\u00fcnstigung f\u00fcr Mitarbeiter-Gewinnbeteiligungen<br \/>\n1.4 Implementierung eines Investitionsfreibetrags<br \/>\n1.5 Besteuerung von Kryptow\u00e4hrungen<br \/>\n<strong>2. Weitere Ma\u00dfnahmen<\/strong><br \/>\n2.1 Erweiterung der Steuerbefreiung f\u00fcr Essensgutscheine<br \/>\n2.2 Einf\u00fchrung eines Arbeitsplatzpauschale<br \/>\n2.3 Fristerstreckung \u2013 Offenlegung Jahresabschl\u00fcsse mit<br \/>\nStichtagen bis 30.9.2021<br \/>\n<strong>3. Ausblick<\/strong><\/p>\n<p><a href=\"https:\/\/www.ecovis.com\/austria\/wp-content\/uploads\/2022\/03\/Newsletter-RV-zur-okosozialen-Steuerreform-und-weitere-Neuerungen.pdf\" target=\"_blank\" rel=\"noopener\"><strong>Newsletter \u2013 Regierungsvorlage zur \u00f6kosozialen Steuerreform und weitere Neuerungen<\/strong><\/a><\/p>\n","protected":false},"excerpt":{"rendered":"<p>Im Zuge der Regierungsvorlage zur \u00f6kosozialen Steuerreform ist es noch zu \u00c4nderungen im Vergleich zum Begutachtungsentwurf gekommen. Die Beschlussfassung im Parlament ist noch offen und wird voraussichtlich im J\u00e4nner 2022 erwartet. Abgesehen davon sind auch noch andere Ma\u00dfnahmen in Umsetzung. In diesem Newsletter geben wir einen \u00dcberblick \u00fcber die wesentlichen \u00c4nderungen. 1. \u00c4nderungen iZm der [&hellip;]<\/p>\n","protected":false},"author":21,"featured_media":4608,"comment_status":"closed","ping_status":"open","sticky":false,"template":"","format":"standard","meta":{"_acf_changed":false,"footnotes":""},"categories":[33,34,50],"tags":[],"class_list":["post-4730","post","type-post","status-publish","format-standard","has-post-thumbnail","hentry","category-aktuelles","category-newsletter","category-newsletter-2021"],"acf":[],"yoast_head":"<!-- This site is optimized with the Yoast SEO Premium plugin v28.3 (Yoast SEO v28.3) - https:\/\/yoast.com\/product\/yoast-seo-premium-wordpress\/ -->\n<title>Regierungsvorlage zur \u00f6kosozialen Steuerreform und weitere Neuerungen | ECOVIS in \u00d6sterreich<\/title>\n<meta name=\"description\" content=\"Im Zuge der Regierungsvorlage zur \u00f6kosozialen Steuerreform ist es noch zu \u00c4nderungen im Vergleich zum Begutachtungsentwurf gekommen.\" \/>\n<meta name=\"robots\" content=\"index, follow, max-snippet:-1, max-image-preview:large, max-video-preview:-1\" \/>\n<link rel=\"canonical\" href=\"https:\/\/www.ecovis.com\/austria\/blog\/regierungsvorlage-zur-okosozialen-steuerreform-und-weitere-neuerungen\/\" \/>\n<meta property=\"og:locale\" content=\"de_DE\" \/>\n<meta property=\"og:type\" content=\"article\" \/>\n<meta property=\"og:title\" content=\"Regierungsvorlage zur \u00f6kosozialen Steuerreform und weitere Neuerungen | ECOVIS in \u00d6sterreich\" \/>\n<meta property=\"og:description\" content=\"Im Zuge der Regierungsvorlage zur \u00f6kosozialen Steuerreform ist es noch zu \u00c4nderungen im Vergleich zum Begutachtungsentwurf gekommen.\" \/>\n<meta property=\"og:url\" content=\"https:\/\/www.ecovis.com\/austria\/blog\/regierungsvorlage-zur-okosozialen-steuerreform-und-weitere-neuerungen\/\" \/>\n<meta property=\"og:site_name\" content=\"ECOVIS in \u00d6sterreich\" \/>\n<meta property=\"article:publisher\" content=\"https:\/\/www.facebook.com\/ecovisaustria\/\" \/>\n<meta property=\"article:published_time\" content=\"2021-12-23T10:18:01+00:00\" \/>\n<meta property=\"article:modified_time\" content=\"2022-03-14T09:13:31+00:00\" \/>\n<meta property=\"og:image\" content=\"https:\/\/www.ecovis.com\/austria\/wp-content\/uploads\/2022\/03\/laptop-g4f0a1a107_1280-2.jpg\" \/>\n\t<meta property=\"og:image:width\" content=\"1280\" \/>\n\t<meta property=\"og:image:height\" content=\"683\" \/>\n\t<meta property=\"og:image:type\" content=\"image\/jpeg\" \/>\n<meta name=\"author\" content=\"shackl\" \/>\n<meta name=\"twitter:card\" content=\"summary_large_image\" \/>\n<meta name=\"twitter:label1\" content=\"Verfasst von\" \/>\n\t<meta name=\"twitter:data1\" content=\"shackl\" \/>\n\t<meta name=\"twitter:label2\" content=\"Gesch\u00e4tzte Lesezeit\" \/>\n\t<meta name=\"twitter:data2\" content=\"1\u00a0Minute\" \/>\n<script type=\"application\/ld+json\" class=\"yoast-schema-graph\">{\"@context\":\"https:\\\/\\\/schema.org\",\"@graph\":[{\"@type\":\"Article\",\"@id\":\"https:\\\/\\\/www.ecovis.com\\\/austria\\\/blog\\\/regierungsvorlage-zur-okosozialen-steuerreform-und-weitere-neuerungen\\\/#article\",\"isPartOf\":{\"@id\":\"https:\\\/\\\/www.ecovis.com\\\/austria\\\/blog\\\/regierungsvorlage-zur-okosozialen-steuerreform-und-weitere-neuerungen\\\/\"},\"author\":{\"name\":\"shackl\",\"@id\":\"https:\\\/\\\/www.ecovis.com\\\/austria\\\/#\\\/schema\\\/person\\\/6df9bf03081e5b9155e14b30f7d91634\"},\"headline\":\"Regierungsvorlage zur \u00f6kosozialen Steuerreform und weitere Neuerungen\",\"datePublished\":\"2021-12-23T10:18:01+00:00\",\"dateModified\":\"2022-03-14T09:13:31+00:00\",\"mainEntityOfPage\":{\"@id\":\"https:\\\/\\\/www.ecovis.com\\\/austria\\\/blog\\\/regierungsvorlage-zur-okosozialen-steuerreform-und-weitere-neuerungen\\\/\"},\"wordCount\":115,\"publisher\":{\"@id\":\"https:\\\/\\\/www.ecovis.com\\\/austria\\\/#organization\"},\"image\":{\"@id\":\"https:\\\/\\\/www.ecovis.com\\\/austria\\\/blog\\\/regierungsvorlage-zur-okosozialen-steuerreform-und-weitere-neuerungen\\\/#primaryimage\"},\"thumbnailUrl\":\"https:\\\/\\\/www.ecovis.com\\\/austria\\\/wp-content\\\/uploads\\\/2022\\\/03\\\/laptop-g4f0a1a107_1280-2.jpg\",\"articleSection\":[\"Aktuelles\",\"Newsletter\",\"Newsletter 2021\"],\"inLanguage\":\"de\"},{\"@type\":\"WebPage\",\"@id\":\"https:\\\/\\\/www.ecovis.com\\\/austria\\\/blog\\\/regierungsvorlage-zur-okosozialen-steuerreform-und-weitere-neuerungen\\\/\",\"url\":\"https:\\\/\\\/www.ecovis.com\\\/austria\\\/blog\\\/regierungsvorlage-zur-okosozialen-steuerreform-und-weitere-neuerungen\\\/\",\"name\":\"Regierungsvorlage zur \u00f6kosozialen Steuerreform und weitere Neuerungen | ECOVIS in \u00d6sterreich\",\"isPartOf\":{\"@id\":\"https:\\\/\\\/www.ecovis.com\\\/austria\\\/#website\"},\"primaryImageOfPage\":{\"@id\":\"https:\\\/\\\/www.ecovis.com\\\/austria\\\/blog\\\/regierungsvorlage-zur-okosozialen-steuerreform-und-weitere-neuerungen\\\/#primaryimage\"},\"image\":{\"@id\":\"https:\\\/\\\/www.ecovis.com\\\/austria\\\/blog\\\/regierungsvorlage-zur-okosozialen-steuerreform-und-weitere-neuerungen\\\/#primaryimage\"},\"thumbnailUrl\":\"https:\\\/\\\/www.ecovis.com\\\/austria\\\/wp-content\\\/uploads\\\/2022\\\/03\\\/laptop-g4f0a1a107_1280-2.jpg\",\"datePublished\":\"2021-12-23T10:18:01+00:00\",\"dateModified\":\"2022-03-14T09:13:31+00:00\",\"description\":\"Im Zuge der Regierungsvorlage zur \u00f6kosozialen Steuerreform ist es noch zu \u00c4nderungen im Vergleich zum Begutachtungsentwurf gekommen.\",\"breadcrumb\":{\"@id\":\"https:\\\/\\\/www.ecovis.com\\\/austria\\\/blog\\\/regierungsvorlage-zur-okosozialen-steuerreform-und-weitere-neuerungen\\\/#breadcrumb\"},\"inLanguage\":\"de\",\"potentialAction\":[{\"@type\":\"ReadAction\",\"target\":[\"https:\\\/\\\/www.ecovis.com\\\/austria\\\/blog\\\/regierungsvorlage-zur-okosozialen-steuerreform-und-weitere-neuerungen\\\/\"]}]},{\"@type\":\"ImageObject\",\"inLanguage\":\"de\",\"@id\":\"https:\\\/\\\/www.ecovis.com\\\/austria\\\/blog\\\/regierungsvorlage-zur-okosozialen-steuerreform-und-weitere-neuerungen\\\/#primaryimage\",\"url\":\"https:\\\/\\\/www.ecovis.com\\\/austria\\\/wp-content\\\/uploads\\\/2022\\\/03\\\/laptop-g4f0a1a107_1280-2.jpg\",\"contentUrl\":\"https:\\\/\\\/www.ecovis.com\\\/austria\\\/wp-content\\\/uploads\\\/2022\\\/03\\\/laptop-g4f0a1a107_1280-2.jpg\",\"width\":1280,\"height\":683},{\"@type\":\"BreadcrumbList\",\"@id\":\"https:\\\/\\\/www.ecovis.com\\\/austria\\\/blog\\\/regierungsvorlage-zur-okosozialen-steuerreform-und-weitere-neuerungen\\\/#breadcrumb\",\"itemListElement\":[{\"@type\":\"ListItem\",\"position\":1,\"name\":\"Startseite\",\"item\":\"https:\\\/\\\/www.ecovis.com\\\/austria\\\/\"},{\"@type\":\"ListItem\",\"position\":2,\"name\":\"Regierungsvorlage zur \u00f6kosozialen Steuerreform und weitere Neuerungen\"}]},{\"@type\":\"WebSite\",\"@id\":\"https:\\\/\\\/www.ecovis.com\\\/austria\\\/#website\",\"url\":\"https:\\\/\\\/www.ecovis.com\\\/austria\\\/\",\"name\":\"ECOVIS Austria\",\"description\":\"\",\"publisher\":{\"@id\":\"https:\\\/\\\/www.ecovis.com\\\/austria\\\/#organization\"},\"potentialAction\":[{\"@type\":\"SearchAction\",\"target\":{\"@type\":\"EntryPoint\",\"urlTemplate\":\"https:\\\/\\\/www.ecovis.com\\\/austria\\\/?s={search_term_string}\"},\"query-input\":{\"@type\":\"PropertyValueSpecification\",\"valueRequired\":true,\"valueName\":\"search_term_string\"}}],\"inLanguage\":\"de\"},{\"@type\":\"Organization\",\"@id\":\"https:\\\/\\\/www.ecovis.com\\\/austria\\\/#organization\",\"name\":\"Ecovis Austria\",\"alternateName\":\"Ecovis Austria\",\"url\":\"https:\\\/\\\/www.ecovis.com\\\/austria\\\/\",\"logo\":{\"@type\":\"ImageObject\",\"inLanguage\":\"de\",\"@id\":\"https:\\\/\\\/www.ecovis.com\\\/austria\\\/#\\\/schema\\\/logo\\\/image\\\/\",\"url\":\"https:\\\/\\\/www.ecovis.com\\\/austria\\\/wp-content\\\/uploads\\\/2025\\\/08\\\/ECOVIS_3544x843-scaled.png\",\"contentUrl\":\"https:\\\/\\\/www.ecovis.com\\\/austria\\\/wp-content\\\/uploads\\\/2025\\\/08\\\/ECOVIS_3544x843-scaled.png\",\"width\":2560,\"height\":609,\"caption\":\"Ecovis Austria\"},\"image\":{\"@id\":\"https:\\\/\\\/www.ecovis.com\\\/austria\\\/#\\\/schema\\\/logo\\\/image\\\/\"},\"sameAs\":[\"https:\\\/\\\/www.facebook.com\\\/ecovisaustria\\\/\",\"https:\\\/\\\/www.instagram.com\\\/ecovisaustria\\\/\",\"https:\\\/\\\/at.linkedin.com\\\/company\\\/ecovisaustria\"],\"email\":\"office@ecovis.at\",\"telephone\":\"+43 (1) 59922 0\",\"legalName\":\"ECOVIS Austria Wirtschaftspr\u00fcfungs- und Steuerberatungsgesellschaft m.b.H.\",\"foundingDate\":\"1982-01-01\",\"vatID\":\"ATU44137108\",\"numberOfEmployees\":{\"@type\":\"QuantitativeValue\",\"minValue\":\"51\",\"maxValue\":\"200\"},\"ownershipFundingInfo\":\"https:\\\/\\\/www.ecovis.com\\\/austria\\\/impressum\\\/\"},{\"@type\":\"Person\",\"@id\":\"https:\\\/\\\/www.ecovis.com\\\/austria\\\/#\\\/schema\\\/person\\\/6df9bf03081e5b9155e14b30f7d91634\",\"name\":\"shackl\",\"image\":{\"@type\":\"ImageObject\",\"inLanguage\":\"de\",\"@id\":\"https:\\\/\\\/secure.gravatar.com\\\/avatar\\\/df1593f177947dfacb74d4eddd7f6409a8999f9755b0787f55c93255b52bda73?s=96&d=mm&r=g\",\"url\":\"https:\\\/\\\/secure.gravatar.com\\\/avatar\\\/df1593f177947dfacb74d4eddd7f6409a8999f9755b0787f55c93255b52bda73?s=96&d=mm&r=g\",\"contentUrl\":\"https:\\\/\\\/secure.gravatar.com\\\/avatar\\\/df1593f177947dfacb74d4eddd7f6409a8999f9755b0787f55c93255b52bda73?s=96&d=mm&r=g\",\"caption\":\"shackl\"},\"url\":\"https:\\\/\\\/www.ecovis.com\\\/austria\\\/blog\\\/author\\\/shackl\\\/\"}]}<\/script>\n<!-- \/ Yoast SEO Premium plugin. -->","yoast_head_json":{"title":"Regierungsvorlage zur \u00f6kosozialen Steuerreform und weitere Neuerungen | ECOVIS in \u00d6sterreich","description":"Im Zuge der Regierungsvorlage zur \u00f6kosozialen Steuerreform ist es noch zu \u00c4nderungen im Vergleich zum Begutachtungsentwurf gekommen.","robots":{"index":"index","follow":"follow","max-snippet":"max-snippet:-1","max-image-preview":"max-image-preview:large","max-video-preview":"max-video-preview:-1"},"canonical":"https:\/\/www.ecovis.com\/austria\/blog\/regierungsvorlage-zur-okosozialen-steuerreform-und-weitere-neuerungen\/","og_locale":"de_DE","og_type":"article","og_title":"Regierungsvorlage zur \u00f6kosozialen Steuerreform und weitere Neuerungen | ECOVIS in \u00d6sterreich","og_description":"Im Zuge der Regierungsvorlage zur \u00f6kosozialen Steuerreform ist es noch zu \u00c4nderungen im Vergleich zum Begutachtungsentwurf gekommen.","og_url":"https:\/\/www.ecovis.com\/austria\/blog\/regierungsvorlage-zur-okosozialen-steuerreform-und-weitere-neuerungen\/","og_site_name":"ECOVIS in \u00d6sterreich","article_publisher":"https:\/\/www.facebook.com\/ecovisaustria\/","article_published_time":"2021-12-23T10:18:01+00:00","article_modified_time":"2022-03-14T09:13:31+00:00","og_image":[{"width":1280,"height":683,"url":"https:\/\/www.ecovis.com\/austria\/wp-content\/uploads\/2022\/03\/laptop-g4f0a1a107_1280-2.jpg","type":"image\/jpeg"}],"author":"shackl","twitter_card":"summary_large_image","twitter_misc":{"Verfasst von":"shackl","Gesch\u00e4tzte Lesezeit":"1\u00a0Minute"},"schema":{"@context":"https:\/\/schema.org","@graph":[{"@type":"Article","@id":"https:\/\/www.ecovis.com\/austria\/blog\/regierungsvorlage-zur-okosozialen-steuerreform-und-weitere-neuerungen\/#article","isPartOf":{"@id":"https:\/\/www.ecovis.com\/austria\/blog\/regierungsvorlage-zur-okosozialen-steuerreform-und-weitere-neuerungen\/"},"author":{"name":"shackl","@id":"https:\/\/www.ecovis.com\/austria\/#\/schema\/person\/6df9bf03081e5b9155e14b30f7d91634"},"headline":"Regierungsvorlage zur \u00f6kosozialen Steuerreform und weitere Neuerungen","datePublished":"2021-12-23T10:18:01+00:00","dateModified":"2022-03-14T09:13:31+00:00","mainEntityOfPage":{"@id":"https:\/\/www.ecovis.com\/austria\/blog\/regierungsvorlage-zur-okosozialen-steuerreform-und-weitere-neuerungen\/"},"wordCount":115,"publisher":{"@id":"https:\/\/www.ecovis.com\/austria\/#organization"},"image":{"@id":"https:\/\/www.ecovis.com\/austria\/blog\/regierungsvorlage-zur-okosozialen-steuerreform-und-weitere-neuerungen\/#primaryimage"},"thumbnailUrl":"https:\/\/www.ecovis.com\/austria\/wp-content\/uploads\/2022\/03\/laptop-g4f0a1a107_1280-2.jpg","articleSection":["Aktuelles","Newsletter","Newsletter 2021"],"inLanguage":"de"},{"@type":"WebPage","@id":"https:\/\/www.ecovis.com\/austria\/blog\/regierungsvorlage-zur-okosozialen-steuerreform-und-weitere-neuerungen\/","url":"https:\/\/www.ecovis.com\/austria\/blog\/regierungsvorlage-zur-okosozialen-steuerreform-und-weitere-neuerungen\/","name":"Regierungsvorlage zur \u00f6kosozialen Steuerreform und weitere Neuerungen | ECOVIS in \u00d6sterreich","isPartOf":{"@id":"https:\/\/www.ecovis.com\/austria\/#website"},"primaryImageOfPage":{"@id":"https:\/\/www.ecovis.com\/austria\/blog\/regierungsvorlage-zur-okosozialen-steuerreform-und-weitere-neuerungen\/#primaryimage"},"image":{"@id":"https:\/\/www.ecovis.com\/austria\/blog\/regierungsvorlage-zur-okosozialen-steuerreform-und-weitere-neuerungen\/#primaryimage"},"thumbnailUrl":"https:\/\/www.ecovis.com\/austria\/wp-content\/uploads\/2022\/03\/laptop-g4f0a1a107_1280-2.jpg","datePublished":"2021-12-23T10:18:01+00:00","dateModified":"2022-03-14T09:13:31+00:00","description":"Im Zuge der Regierungsvorlage zur \u00f6kosozialen Steuerreform ist es noch zu \u00c4nderungen im Vergleich zum Begutachtungsentwurf gekommen.","breadcrumb":{"@id":"https:\/\/www.ecovis.com\/austria\/blog\/regierungsvorlage-zur-okosozialen-steuerreform-und-weitere-neuerungen\/#breadcrumb"},"inLanguage":"de","potentialAction":[{"@type":"ReadAction","target":["https:\/\/www.ecovis.com\/austria\/blog\/regierungsvorlage-zur-okosozialen-steuerreform-und-weitere-neuerungen\/"]}]},{"@type":"ImageObject","inLanguage":"de","@id":"https:\/\/www.ecovis.com\/austria\/blog\/regierungsvorlage-zur-okosozialen-steuerreform-und-weitere-neuerungen\/#primaryimage","url":"https:\/\/www.ecovis.com\/austria\/wp-content\/uploads\/2022\/03\/laptop-g4f0a1a107_1280-2.jpg","contentUrl":"https:\/\/www.ecovis.com\/austria\/wp-content\/uploads\/2022\/03\/laptop-g4f0a1a107_1280-2.jpg","width":1280,"height":683},{"@type":"BreadcrumbList","@id":"https:\/\/www.ecovis.com\/austria\/blog\/regierungsvorlage-zur-okosozialen-steuerreform-und-weitere-neuerungen\/#breadcrumb","itemListElement":[{"@type":"ListItem","position":1,"name":"Startseite","item":"https:\/\/www.ecovis.com\/austria\/"},{"@type":"ListItem","position":2,"name":"Regierungsvorlage zur \u00f6kosozialen Steuerreform und weitere Neuerungen"}]},{"@type":"WebSite","@id":"https:\/\/www.ecovis.com\/austria\/#website","url":"https:\/\/www.ecovis.com\/austria\/","name":"ECOVIS Austria","description":"","publisher":{"@id":"https:\/\/www.ecovis.com\/austria\/#organization"},"potentialAction":[{"@type":"SearchAction","target":{"@type":"EntryPoint","urlTemplate":"https:\/\/www.ecovis.com\/austria\/?s={search_term_string}"},"query-input":{"@type":"PropertyValueSpecification","valueRequired":true,"valueName":"search_term_string"}}],"inLanguage":"de"},{"@type":"Organization","@id":"https:\/\/www.ecovis.com\/austria\/#organization","name":"Ecovis Austria","alternateName":"Ecovis Austria","url":"https:\/\/www.ecovis.com\/austria\/","logo":{"@type":"ImageObject","inLanguage":"de","@id":"https:\/\/www.ecovis.com\/austria\/#\/schema\/logo\/image\/","url":"https:\/\/www.ecovis.com\/austria\/wp-content\/uploads\/2025\/08\/ECOVIS_3544x843-scaled.png","contentUrl":"https:\/\/www.ecovis.com\/austria\/wp-content\/uploads\/2025\/08\/ECOVIS_3544x843-scaled.png","width":2560,"height":609,"caption":"Ecovis Austria"},"image":{"@id":"https:\/\/www.ecovis.com\/austria\/#\/schema\/logo\/image\/"},"sameAs":["https:\/\/www.facebook.com\/ecovisaustria\/","https:\/\/www.instagram.com\/ecovisaustria\/","https:\/\/at.linkedin.com\/company\/ecovisaustria"],"email":"office@ecovis.at","telephone":"+43 (1) 59922 0","legalName":"ECOVIS Austria Wirtschaftspr\u00fcfungs- und Steuerberatungsgesellschaft m.b.H.","foundingDate":"1982-01-01","vatID":"ATU44137108","numberOfEmployees":{"@type":"QuantitativeValue","minValue":"51","maxValue":"200"},"ownershipFundingInfo":"https:\/\/www.ecovis.com\/austria\/impressum\/"},{"@type":"Person","@id":"https:\/\/www.ecovis.com\/austria\/#\/schema\/person\/6df9bf03081e5b9155e14b30f7d91634","name":"shackl","image":{"@type":"ImageObject","inLanguage":"de","@id":"https:\/\/secure.gravatar.com\/avatar\/df1593f177947dfacb74d4eddd7f6409a8999f9755b0787f55c93255b52bda73?s=96&d=mm&r=g","url":"https:\/\/secure.gravatar.com\/avatar\/df1593f177947dfacb74d4eddd7f6409a8999f9755b0787f55c93255b52bda73?s=96&d=mm&r=g","contentUrl":"https:\/\/secure.gravatar.com\/avatar\/df1593f177947dfacb74d4eddd7f6409a8999f9755b0787f55c93255b52bda73?s=96&d=mm&r=g","caption":"shackl"},"url":"https:\/\/www.ecovis.com\/austria\/blog\/author\/shackl\/"}]}},"images":{"medium":"https:\/\/www.ecovis.com\/austria\/wp-content\/uploads\/2022\/03\/laptop-g4f0a1a107_1280-2.jpg","large":"https:\/\/www.ecovis.com\/austria\/wp-content\/uploads\/2022\/03\/laptop-g4f0a1a107_1280-2.jpg"},"_links":{"self":[{"href":"https:\/\/www.ecovis.com\/austria\/wp-json\/wp\/v2\/posts\/4730","targetHints":{"allow":["GET"]}}],"collection":[{"href":"https:\/\/www.ecovis.com\/austria\/wp-json\/wp\/v2\/posts"}],"about":[{"href":"https:\/\/www.ecovis.com\/austria\/wp-json\/wp\/v2\/types\/post"}],"author":[{"embeddable":true,"href":"https:\/\/www.ecovis.com\/austria\/wp-json\/wp\/v2\/users\/21"}],"replies":[{"embeddable":true,"href":"https:\/\/www.ecovis.com\/austria\/wp-json\/wp\/v2\/comments?post=4730"}],"version-history":[{"count":1,"href":"https:\/\/www.ecovis.com\/austria\/wp-json\/wp\/v2\/posts\/4730\/revisions"}],"predecessor-version":[{"id":4732,"href":"https:\/\/www.ecovis.com\/austria\/wp-json\/wp\/v2\/posts\/4730\/revisions\/4732"}],"wp:featuredmedia":[{"embeddable":true,"href":"https:\/\/www.ecovis.com\/austria\/wp-json\/wp\/v2\/media\/4608"}],"wp:attachment":[{"href":"https:\/\/www.ecovis.com\/austria\/wp-json\/wp\/v2\/media?parent=4730"}],"wp:term":[{"taxonomy":"category","embeddable":true,"href":"https:\/\/www.ecovis.com\/austria\/wp-json\/wp\/v2\/categories?post=4730"},{"taxonomy":"post_tag","embeddable":true,"href":"https:\/\/www.ecovis.com\/austria\/wp-json\/wp\/v2\/tags?post=4730"}],"curies":[{"name":"wp","href":"https:\/\/api.w.org\/{rel}","templated":true}]}}